{"id":6335,"date":"2021-05-19T09:54:37","date_gmt":"2021-05-19T07:54:37","guid":{"rendered":"https:\/\/www.tm-branding.it\/gruenes-webdesign-aus-suedtirol\/"},"modified":"2026-02-20T13:12:55","modified_gmt":"2026-02-20T12:12:55","slug":"gruenes-webdesign-aus-suedtirol","status":"publish","type":"post","link":"https:\/\/www.tm-branding.it\/it\/gruenes-webdesign-aus-suedtirol\/","title":{"rendered":"Gr\u00fcnes Webdesign aus S\u00fcdtirol"},"content":{"rendered":"\n<h1 class=\"wp-block-heading\">Gr\u00fcnes Webdesign aus S\u00fcdtirol<\/h1>\n\n\n\n<h2 class=\"wp-block-heading\">Jeder m\u00f6chte nachhaltig leben.<\/h2>\n\n\n\n<p>Weniger M\u00fcll verursachen, nachhaltige Produkte kaufen, weniger konsumieren, Dinge reparieren oder wieder verwerten etc. All das sind sehr gute Ans\u00e4tze und es ist sehr l\u00f6blich, wenn man versucht nachhaltig zu leben. Schlie\u00dflich haben wir nur einen Planeten und den gilt es zu sch\u00fctzen. Wie wir alle wissen ist es nicht so einfach, die guten Vors\u00e4tze im Alltag langfristig umzusetzen. Eines ist aber klar: Der Versuch z\u00e4hlt und jeder kleine Schritt ist einer in die richtige Richtung.<\/p>\n\n\n\n<blockquote class=\"wp-block-quote is-layout-flow wp-block-quote-is-layout-flow\">\n<p><strong>Warum nicht auch beruflich diesen nachhaltigen Weg einschlagen? Zum Beispiel mit gr\u00fcnem Webdesign?<\/strong><\/p>\n<\/blockquote>\n\n\n\n<p>Vor allem ein sehr sch\u00f6nes und an Natur reiches Land wie S\u00fcdtirol lebt davon, dass die Natur intakt bleibt und nachhaltig gewirtschaftet wird. Deshalb versuchen wir bei TM BRANDING so umweltschonend wie m\u00f6glich zu arbeiten. \u201eGr\u00fcnes Webdesign\u201c ist ein Modewort geworden, das im Kern einen sehr guten Ansatz birgt: Bei der Konzeption und Produktion einer Website m\u00f6glichst wenig Ressourcen zu verbrauchen. Wie kann das konkret gelingen?<\/p>\n\n\n\n<h2 class=\"wp-block-heading\">Wir bei TM BRANDING versuchen folgende Aspekte m\u00f6glichst gut zu beherzigen.<\/h2>\n\n\n\n<p>Es gelingt nat\u00fcrlich nicht immer alles, aber wir geben uns gr\u00f6\u00dfte M\u00fche!<\/p>\n\n\n\n<h3 class=\"wp-block-heading\"><strong>1.<\/strong><\/h3>\n\n\n\n<p>Wir nutzen ausschlie\u00dflich und zu 100% \u00d6kostrom aus S\u00fcdtirol. Der <a href=\"http:\/\/www.oetzi-sev.it\/\" target=\"_blank\" rel=\"noreferrer noopener\"><strong>Anbieter \u00d6tzi Strom<\/strong><\/a> versorgt uns mit 100% erneuerbarer Energie aus S\u00fcdtirol &#8211; transparent und zu einem fairen Preis. So ist gr\u00fcnes Webdesign aus S\u00fcdtirol m\u00f6glich. Und auch die meisten unserer externen Dienstleister nutzen Strom aus erneuerbare Energie. Eine Entwicklung, die wir begr\u00fc\u00dfen und durch die Zusammenarbeit unterst\u00fctzen.<\/p>\n\n\n\n<h3 class=\"wp-block-heading\"><strong>2.<\/strong><\/h3>\n\n\n\n<p>Wir spenden f\u00fcr jede erhaltene Google Bewertung (unabh\u00e4ngig davon, ob diese negativ oder positiv ist) 5\u20ac netto an die Organisation <a href=\"https:\/\/reviewforest.org\/TM-Branding\" target=\"_blank\" rel=\"noreferrer noopener\"><strong>REVIEW FOREST<\/strong><\/a>. Was macht Review Forest? Die sehr spannende Organisation aus Berlin hilft Unternehmern ihre Bewertungen in eine gute Tat umzuwandeln: F\u00fcr jede Google Bewertung, die wir erhalten, wird ein Baum gepflanzt \u2013 im Namen des Bewertenden. Wenn Sie also Ihre Website bei uns machen lassen und uns eine Bewertung abgeben hat das eine positive Auswirkung &#8211; gr\u00fcnes Webdesign aus S\u00fcdtirol hilft B\u00e4ume zu pflanzen.<\/p>\n\n\n\n<h3 class=\"wp-block-heading\"><strong>3.<\/strong><\/h3>\n\n\n\n<p>Wir arbeiten rein digital. Wir versuchen jedes Projekt so umweltschonend wie m\u00f6glich umzusetzen: Papierlos, mit Hilfe von Computern, die mit \u00d6kostrom betrieben werden und mit Meetings die \u00fcberwiegend online per Video-Call abgehalten werden. Selbstredend verbrauchen alle digitalen Tools Strom (siehe Punkt 1), aber immerhin halten wir unseren Fu\u00dfabdruck durch die digitalen Ma\u00dfnahmen <strong>so gering wie m\u00f6glich<\/strong>. Gr\u00fcnes Webdesign ist durch die Digitalisierung schneller und besser zu erreichen.<\/p>\n\n\n\n<h3 class=\"wp-block-heading\"><strong>4.<\/strong><\/h3>\n\n\n\n<p>Papierlose Kommunikation. Im Gegensatz zu vielen alteingesessenen Agenturen, in denen noch jede E-Mail ausgedruckt wird (OMG!) arbeiten wir praktisch papierlos. Das ist nicht nur so dahingesagt aus Marketingzwecken, <strong>das ist die Realit\u00e4t<\/strong>. Angebote und Rechnungen werden ausschlie\u00dflich per E-Mail (PDF) versendet und alle weiteren Dokumente, sofern m\u00f6glich, ebenfalls digitalisiert. Auf Ausdrucke in Papierform verzichten wir tats\u00e4chlich zu 99% \u2013 das ist unser Beitrag f\u00fcr den extrem wichtigen Umweltschutz: Eben gr\u00fcnes Webdesign.<\/p>\n\n\n\n<h3 class=\"wp-block-heading\"><strong>5.<\/strong><\/h3>\n\n\n\n<p>Auf unn\u00f6tige Meetings verzichten. Wir haben es uns schon lange vor Corona angew\u00f6hnt, Meetings entweder telefonisch oder per Video-Call abzuhalten. <strong>Jedes Meeting, f\u00fcr das man nicht kilometerweit fahren muss, ist gut f\u00fcr die Umwelt.<\/strong> Es spart nicht nur Benzin &amp; Co., Sondern auch Zeit und Nerven. Klar, ein pers\u00f6nliches Treffen hat einen hohen Wert und seine absolute Berechtigung, aber es muss nicht jedes x-beliebige To Do mit dem Kunden pers\u00f6nlich besprochen werden &#8211; nicht wahr? Das spart f\u00fcr alle Beteiligten Ressourcen und schont die Umwelt. Auch das ist Teil unserer Strategie, um gr\u00fcnes Webdesign in Bozen und S\u00fcdtirol zu erm\u00f6glichen.<\/p>\n\n\n\n<h3 class=\"wp-block-heading\"><strong>6.<\/strong><\/h3>\n\n\n\n<p>Aber nicht nur wir versuchen umweltfreundlich zu arbeiten. Um gr\u00fcnes Webdesign ganzheitlich zu erm\u00f6glichen motivieren wir auch unsere Kunden ihren Beitrag dazu zu leisten. Der Gro\u00dfteil unserer Kunden betreibt deshalb auf unsere Empfehlung hin <strong>das Hosting bei einem Partner von uns: <a href=\"https:\/\/www.biohost.de\/\" target=\"_blank\" rel=\"noreferrer noopener\">BIOHOST<\/a><\/strong> (wir bekommen \u00fcbrigens keine Provision). Ein Provider, der bereits seit 14 Jahren (!) nachhaltiges Webhosting anbietet. Das sogenannte \u00d6ko-Webhosting wird immer beliebter, die Nachfrage steigt immens &#8211; um gr\u00fcnes Webdesign nachhaltig zu gestalten muss eben auch auf das Hosting geachtet werden. 100% \u00d6kostrom wird bei Biohost garantiert.<\/p>\n\n\n\n<p>Wir hoffen dass Sie nach dieser Lekt\u00fcre das Thema mit mehr Feingef\u00fchl betrachten und beim n\u00e4chsten Website-Launch oder dem Update Ihrer bestehenden Website nachdenken &#8211; <strong>\u00fcber eine nachhaltigere L\u00f6sung<\/strong>, die einen kleinen Teil dazu beitragen kann unsere Umwelt zu sch\u00fctzen. Gr\u00fcnes Webdesign ist m\u00f6glich, man muss einfach nur die vielen Angebote nutzen, <strong>wenn man denn m\u00f6chte.<\/strong><\/p>\n\n\n\n<p>M\u00f6chten Sie sich zum <strong>Thema \u201eGr\u00fcnes Webdesign aus S\u00fcdtirol\u201c<\/strong> von uns beraten lassen? Sehr gerne, rufen Sie einfach an, wir freuen uns auf Ihre Kontaktaufnahme zu diesem wichtigen Thema.<\/p>\n","protected":false},"excerpt":{"rendered":"<p>Der Versuch z\u00e4hlt und jeder kleine Schritt ist einer in die richtige Richtung. Warum nicht auch beruflich diesen nachhaltigen Weg einschlagen?<\/p>\n","protected":false},"author":2,"featured_media":6336,"comment_status":"closed","ping_status":"open","sticky":false,"template":"","format":"standard","meta":{"_acf_changed":false,"footnotes":""},"categories":[271],"tags":[257,232,40,234,39,20],"class_list":["post-6335","post","type-post","status-publish","format-standard","has-post-thumbnail","hentry","category-webdesign-de","tag-blog","tag-nachhaltigkeit","tag-tipps","tag-umweltschutz","tag-webdesign","tag-website"],"acf":[],"yoast_head":"<!-- This site is optimized with the Yoast SEO plugin v27.0 - https:\/\/yoast.com\/product\/yoast-seo-wordpress\/ -->\n<title>Gr\u00fcnes Webdesign S\u00fcdtirol - TM BRANDING<\/title>\n<meta name=\"description\" content=\"Gr\u00fcnes Webdesign S\u00fcdtirol - wir helfen Ihnen mit mehr Nachhaltigkeit bei Ihrem Webdesign\" \/>\n<meta name=\"robots\" content=\"index, follow, max-snippet:-1, max-image-preview:large, max-video-preview:-1\" \/>\n<link rel=\"canonical\" href=\"https:\/\/www.tm-branding.it\/it\/gruenes-webdesign-aus-suedtirol\/\" \/>\n<meta property=\"og:locale\" content=\"it_IT\" \/>\n<meta property=\"og:type\" content=\"article\" \/>\n<meta property=\"og:title\" content=\"Webdesign S\u00fcdtirol \u2013 Fachwissen f\u00fcr Ihren Webauftritt\" \/>\n<meta property=\"og:description\" content=\"N\u00fctzliches Fachwissen f\u00fcr Ihr Webdesign und Webauftritt in S\u00fcdtirol. TM BRANDING, Ihr Partner f\u00fcr Responsive Business Webdesign aus Bozen.\" \/>\n<meta property=\"og:url\" content=\"https:\/\/www.tm-branding.it\/it\/gruenes-webdesign-aus-suedtirol\/\" \/>\n<meta property=\"og:site_name\" content=\"TM BRANDING\" \/>\n<meta property=\"article:published_time\" content=\"2021-05-19T07:54:37+00:00\" \/>\n<meta property=\"article:modified_time\" content=\"2026-02-20T12:12:55+00:00\" \/>\n<meta property=\"og:image\" content=\"https:\/\/www.tm-branding.it\/wp-content\/uploads\/2021\/01\/staff-line-personalberatung-webdesign-scaled.jpg\" \/>\n<meta name=\"author\" content=\"Tobias Mahlknecht\" \/>\n<meta name=\"twitter:card\" content=\"summary_large_image\" \/>\n<meta name=\"twitter:label1\" content=\"Scritto da\" \/>\n\t<meta name=\"twitter:data1\" content=\"Tobias Mahlknecht\" \/>\n\t<meta name=\"twitter:label2\" content=\"Tempo di lettura stimato\" \/>\n\t<meta name=\"twitter:data2\" content=\"4 minuti\" \/>\n<script type=\"application\/ld+json\" class=\"yoast-schema-graph\">{\"@context\":\"https:\/\/schema.org\",\"@graph\":[{\"@type\":\"Article\",\"@id\":\"https:\/\/www.tm-branding.it\/it\/gruenes-webdesign-aus-suedtirol\/#article\",\"isPartOf\":{\"@id\":\"https:\/\/www.tm-branding.it\/it\/gruenes-webdesign-aus-suedtirol\/\"},\"author\":{\"name\":\"Tobias Mahlknecht\",\"@id\":\"https:\/\/www.tm-branding.it\/it\/#\/schema\/person\/394084dd9cd1d34a70d7b397d2c5021e\"},\"headline\":\"Gr\u00fcnes Webdesign aus S\u00fcdtirol\",\"datePublished\":\"2021-05-19T07:54:37+00:00\",\"dateModified\":\"2026-02-20T12:12:55+00:00\",\"mainEntityOfPage\":{\"@id\":\"https:\/\/www.tm-branding.it\/it\/gruenes-webdesign-aus-suedtirol\/\"},\"wordCount\":806,\"publisher\":{\"@id\":\"https:\/\/www.tm-branding.it\/it\/#organization\"},\"image\":{\"@id\":\"https:\/\/www.tm-branding.it\/it\/gruenes-webdesign-aus-suedtirol\/#primaryimage\"},\"thumbnailUrl\":\"https:\/\/www.tm-branding.it\/wp-content\/uploads\/2020\/06\/gruenes-webdesign-wien.jpg\",\"keywords\":[\"Blog\",\"Nachhaltigkeit\",\"Tipps\",\"Umweltschutz\",\"Webdesign\",\"Website\"],\"articleSection\":[\"Webdesign\"],\"inLanguage\":\"it-IT\"},{\"@type\":\"WebPage\",\"@id\":\"https:\/\/www.tm-branding.it\/it\/gruenes-webdesign-aus-suedtirol\/\",\"url\":\"https:\/\/www.tm-branding.it\/it\/gruenes-webdesign-aus-suedtirol\/\",\"name\":\"Gr\u00fcnes Webdesign S\u00fcdtirol - TM BRANDING\",\"isPartOf\":{\"@id\":\"https:\/\/www.tm-branding.it\/it\/#website\"},\"primaryImageOfPage\":{\"@id\":\"https:\/\/www.tm-branding.it\/it\/gruenes-webdesign-aus-suedtirol\/#primaryimage\"},\"image\":{\"@id\":\"https:\/\/www.tm-branding.it\/it\/gruenes-webdesign-aus-suedtirol\/#primaryimage\"},\"thumbnailUrl\":\"https:\/\/www.tm-branding.it\/wp-content\/uploads\/2020\/06\/gruenes-webdesign-wien.jpg\",\"datePublished\":\"2021-05-19T07:54:37+00:00\",\"dateModified\":\"2026-02-20T12:12:55+00:00\",\"description\":\"Gr\u00fcnes Webdesign S\u00fcdtirol - wir helfen Ihnen mit mehr Nachhaltigkeit bei Ihrem Webdesign\",\"breadcrumb\":{\"@id\":\"https:\/\/www.tm-branding.it\/it\/gruenes-webdesign-aus-suedtirol\/#breadcrumb\"},\"inLanguage\":\"it-IT\",\"potentialAction\":[{\"@type\":\"ReadAction\",\"target\":[\"https:\/\/www.tm-branding.it\/it\/gruenes-webdesign-aus-suedtirol\/\"]}]},{\"@type\":\"ImageObject\",\"inLanguage\":\"it-IT\",\"@id\":\"https:\/\/www.tm-branding.it\/it\/gruenes-webdesign-aus-suedtirol\/#primaryimage\",\"url\":\"https:\/\/www.tm-branding.it\/wp-content\/uploads\/2020\/06\/gruenes-webdesign-wien.jpg\",\"contentUrl\":\"https:\/\/www.tm-branding.it\/wp-content\/uploads\/2020\/06\/gruenes-webdesign-wien.jpg\",\"width\":1920,\"height\":1080,\"caption\":\"Gr\u00fcnes Webdesign S\u00fcdtirol\"},{\"@type\":\"BreadcrumbList\",\"@id\":\"https:\/\/www.tm-branding.it\/it\/gruenes-webdesign-aus-suedtirol\/#breadcrumb\",\"itemListElement\":[{\"@type\":\"ListItem\",\"position\":1,\"name\":\"Startseite\",\"item\":\"https:\/\/www.tm-branding.it\/it\/\"},{\"@type\":\"ListItem\",\"position\":2,\"name\":\"Gr\u00fcnes Webdesign aus S\u00fcdtirol\"}]},{\"@type\":\"WebSite\",\"@id\":\"https:\/\/www.tm-branding.it\/it\/#website\",\"url\":\"https:\/\/www.tm-branding.it\/it\/\",\"name\":\"TM BRANDING\",\"description\":\"TM BRANDING\",\"publisher\":{\"@id\":\"https:\/\/www.tm-branding.it\/it\/#organization\"},\"potentialAction\":[{\"@type\":\"SearchAction\",\"target\":{\"@type\":\"EntryPoint\",\"urlTemplate\":\"https:\/\/www.tm-branding.it\/it\/?s={search_term_string}\"},\"query-input\":{\"@type\":\"PropertyValueSpecification\",\"valueRequired\":true,\"valueName\":\"search_term_string\"}}],\"inLanguage\":\"it-IT\"},{\"@type\":\"Organization\",\"@id\":\"https:\/\/www.tm-branding.it\/it\/#organization\",\"name\":\"TM BRANDING\",\"url\":\"https:\/\/www.tm-branding.it\/it\/\",\"logo\":{\"@type\":\"ImageObject\",\"inLanguage\":\"it-IT\",\"@id\":\"https:\/\/www.tm-branding.it\/it\/#\/schema\/logo\/image\/\",\"url\":\"https:\/\/www.tm-branding.it\/wp-content\/uploads\/2023\/05\/tmbranding-logo.png\",\"contentUrl\":\"https:\/\/www.tm-branding.it\/wp-content\/uploads\/2023\/05\/tmbranding-logo.png\",\"width\":2001,\"height\":230,\"caption\":\"TM BRANDING\"},\"image\":{\"@id\":\"https:\/\/www.tm-branding.it\/it\/#\/schema\/logo\/image\/\"}},{\"@type\":\"Person\",\"@id\":\"https:\/\/www.tm-branding.it\/it\/#\/schema\/person\/394084dd9cd1d34a70d7b397d2c5021e\",\"name\":\"Tobias Mahlknecht\",\"image\":{\"@type\":\"ImageObject\",\"inLanguage\":\"it-IT\",\"@id\":\"https:\/\/www.tm-branding.it\/it\/#\/schema\/person\/image\/\",\"url\":\"https:\/\/secure.gravatar.com\/avatar\/6f155475ac784c3a8222de560219fb7bd5dd06db467e18d19ef53cbcae8fa05a?s=96&d=mm&r=g\",\"contentUrl\":\"https:\/\/secure.gravatar.com\/avatar\/6f155475ac784c3a8222de560219fb7bd5dd06db467e18d19ef53cbcae8fa05a?s=96&d=mm&r=g\",\"caption\":\"Tobias Mahlknecht\"},\"description\":\"Wer steckt hinter TM BRANDING? Ihr Experte Tobias Mahlknecht (Inhaber &amp; Founder) Vom sch\u00f6nen Bozen in S\u00fcdtirol ging es f\u00fcr Tobias Mahlknecht (1984 geboren) viele Jahre als Redakteur und Redaktionsleiter nach M\u00fcnchen. Er wirbelte das TV-Business auf mit Shows wie \u201eDie Comedy Falle\u201c (SAT1), \u201eGottschalks Klassentreffen\u201c (RTL) und \u201eDie Goldene Kamera\u201c (ZDF). Im Jahr 2014 macht er sich selbstst\u00e4ndig, startet die ersten Film- und Webprojekte als Freelancer. Von 2016 bis 2019 ist er zusammen mit einem Gesch\u00e4ftspartner Inhaber und Gesch\u00e4ftsf\u00fchrer der EXPLANIDEO GmbH \u2013 und produziert hochwertige Erkl\u00e4rfilme f\u00fcr internationale Kunden in Deutschland, Schweiz, Italien und \u00d6sterreich. Vom Start-Up \u00fcber KMUs und NGOs bis hin zu gro\u00dfen Konzernen betreut er nachhaltig auch heute noch viele (Stamm-) Kunden. Seit Herbst 2019 widmet er sich mit einem sehr starken Team (mindestens 10 Jahre Erfahrung im jeweiligen Bereich) leidenschaftlich dem Personal &amp; Corporate Branding. Wir lassen unsere Referenzen sprechen \u2013 lassen Sie sich inspirieren!\",\"sameAs\":[\"https:\/\/www.tm-branding.it\"],\"url\":\"https:\/\/www.tm-branding.it\/it\/author\/tm-admin\/\"}]}<\/script>\n<!-- \/ Yoast SEO plugin. -->","yoast_head_json":{"title":"Gr\u00fcnes Webdesign S\u00fcdtirol - TM BRANDING","description":"Gr\u00fcnes Webdesign S\u00fcdtirol - wir helfen Ihnen mit mehr Nachhaltigkeit bei Ihrem Webdesign","robots":{"index":"index","follow":"follow","max-snippet":"max-snippet:-1","max-image-preview":"max-image-preview:large","max-video-preview":"max-video-preview:-1"},"canonical":"https:\/\/www.tm-branding.it\/it\/gruenes-webdesign-aus-suedtirol\/","og_locale":"it_IT","og_type":"article","og_title":"Webdesign S\u00fcdtirol \u2013 Fachwissen f\u00fcr Ihren Webauftritt","og_description":"N\u00fctzliches Fachwissen f\u00fcr Ihr Webdesign und Webauftritt in S\u00fcdtirol. TM BRANDING, Ihr Partner f\u00fcr Responsive Business Webdesign aus Bozen.","og_url":"https:\/\/www.tm-branding.it\/it\/gruenes-webdesign-aus-suedtirol\/","og_site_name":"TM BRANDING","article_published_time":"2021-05-19T07:54:37+00:00","article_modified_time":"2026-02-20T12:12:55+00:00","og_image":[{"url":"https:\/\/www.tm-branding.it\/wp-content\/uploads\/2021\/01\/staff-line-personalberatung-webdesign-scaled.jpg","type":"","width":"","height":""}],"author":"Tobias Mahlknecht","twitter_card":"summary_large_image","twitter_misc":{"Scritto da":"Tobias Mahlknecht","Tempo di lettura stimato":"4 minuti"},"schema":{"@context":"https:\/\/schema.org","@graph":[{"@type":"Article","@id":"https:\/\/www.tm-branding.it\/it\/gruenes-webdesign-aus-suedtirol\/#article","isPartOf":{"@id":"https:\/\/www.tm-branding.it\/it\/gruenes-webdesign-aus-suedtirol\/"},"author":{"name":"Tobias Mahlknecht","@id":"https:\/\/www.tm-branding.it\/it\/#\/schema\/person\/394084dd9cd1d34a70d7b397d2c5021e"},"headline":"Gr\u00fcnes Webdesign aus S\u00fcdtirol","datePublished":"2021-05-19T07:54:37+00:00","dateModified":"2026-02-20T12:12:55+00:00","mainEntityOfPage":{"@id":"https:\/\/www.tm-branding.it\/it\/gruenes-webdesign-aus-suedtirol\/"},"wordCount":806,"publisher":{"@id":"https:\/\/www.tm-branding.it\/it\/#organization"},"image":{"@id":"https:\/\/www.tm-branding.it\/it\/gruenes-webdesign-aus-suedtirol\/#primaryimage"},"thumbnailUrl":"https:\/\/www.tm-branding.it\/wp-content\/uploads\/2020\/06\/gruenes-webdesign-wien.jpg","keywords":["Blog","Nachhaltigkeit","Tipps","Umweltschutz","Webdesign","Website"],"articleSection":["Webdesign"],"inLanguage":"it-IT"},{"@type":"WebPage","@id":"https:\/\/www.tm-branding.it\/it\/gruenes-webdesign-aus-suedtirol\/","url":"https:\/\/www.tm-branding.it\/it\/gruenes-webdesign-aus-suedtirol\/","name":"Gr\u00fcnes Webdesign S\u00fcdtirol - TM BRANDING","isPartOf":{"@id":"https:\/\/www.tm-branding.it\/it\/#website"},"primaryImageOfPage":{"@id":"https:\/\/www.tm-branding.it\/it\/gruenes-webdesign-aus-suedtirol\/#primaryimage"},"image":{"@id":"https:\/\/www.tm-branding.it\/it\/gruenes-webdesign-aus-suedtirol\/#primaryimage"},"thumbnailUrl":"https:\/\/www.tm-branding.it\/wp-content\/uploads\/2020\/06\/gruenes-webdesign-wien.jpg","datePublished":"2021-05-19T07:54:37+00:00","dateModified":"2026-02-20T12:12:55+00:00","description":"Gr\u00fcnes Webdesign S\u00fcdtirol - wir helfen Ihnen mit mehr Nachhaltigkeit bei Ihrem Webdesign","breadcrumb":{"@id":"https:\/\/www.tm-branding.it\/it\/gruenes-webdesign-aus-suedtirol\/#breadcrumb"},"inLanguage":"it-IT","potentialAction":[{"@type":"ReadAction","target":["https:\/\/www.tm-branding.it\/it\/gruenes-webdesign-aus-suedtirol\/"]}]},{"@type":"ImageObject","inLanguage":"it-IT","@id":"https:\/\/www.tm-branding.it\/it\/gruenes-webdesign-aus-suedtirol\/#primaryimage","url":"https:\/\/www.tm-branding.it\/wp-content\/uploads\/2020\/06\/gruenes-webdesign-wien.jpg","contentUrl":"https:\/\/www.tm-branding.it\/wp-content\/uploads\/2020\/06\/gruenes-webdesign-wien.jpg","width":1920,"height":1080,"caption":"Gr\u00fcnes Webdesign S\u00fcdtirol"},{"@type":"BreadcrumbList","@id":"https:\/\/www.tm-branding.it\/it\/gruenes-webdesign-aus-suedtirol\/#breadcrumb","itemListElement":[{"@type":"ListItem","position":1,"name":"Startseite","item":"https:\/\/www.tm-branding.it\/it\/"},{"@type":"ListItem","position":2,"name":"Gr\u00fcnes Webdesign aus S\u00fcdtirol"}]},{"@type":"WebSite","@id":"https:\/\/www.tm-branding.it\/it\/#website","url":"https:\/\/www.tm-branding.it\/it\/","name":"TM BRANDING","description":"TM BRANDING","publisher":{"@id":"https:\/\/www.tm-branding.it\/it\/#organization"},"potentialAction":[{"@type":"SearchAction","target":{"@type":"EntryPoint","urlTemplate":"https:\/\/www.tm-branding.it\/it\/?s={search_term_string}"},"query-input":{"@type":"PropertyValueSpecification","valueRequired":true,"valueName":"search_term_string"}}],"inLanguage":"it-IT"},{"@type":"Organization","@id":"https:\/\/www.tm-branding.it\/it\/#organization","name":"TM BRANDING","url":"https:\/\/www.tm-branding.it\/it\/","logo":{"@type":"ImageObject","inLanguage":"it-IT","@id":"https:\/\/www.tm-branding.it\/it\/#\/schema\/logo\/image\/","url":"https:\/\/www.tm-branding.it\/wp-content\/uploads\/2023\/05\/tmbranding-logo.png","contentUrl":"https:\/\/www.tm-branding.it\/wp-content\/uploads\/2023\/05\/tmbranding-logo.png","width":2001,"height":230,"caption":"TM BRANDING"},"image":{"@id":"https:\/\/www.tm-branding.it\/it\/#\/schema\/logo\/image\/"}},{"@type":"Person","@id":"https:\/\/www.tm-branding.it\/it\/#\/schema\/person\/394084dd9cd1d34a70d7b397d2c5021e","name":"Tobias Mahlknecht","image":{"@type":"ImageObject","inLanguage":"it-IT","@id":"https:\/\/www.tm-branding.it\/it\/#\/schema\/person\/image\/","url":"https:\/\/secure.gravatar.com\/avatar\/6f155475ac784c3a8222de560219fb7bd5dd06db467e18d19ef53cbcae8fa05a?s=96&d=mm&r=g","contentUrl":"https:\/\/secure.gravatar.com\/avatar\/6f155475ac784c3a8222de560219fb7bd5dd06db467e18d19ef53cbcae8fa05a?s=96&d=mm&r=g","caption":"Tobias Mahlknecht"},"description":"Wer steckt hinter TM BRANDING? Ihr Experte Tobias Mahlknecht (Inhaber &amp; Founder) Vom sch\u00f6nen Bozen in S\u00fcdtirol ging es f\u00fcr Tobias Mahlknecht (1984 geboren) viele Jahre als Redakteur und Redaktionsleiter nach M\u00fcnchen. Er wirbelte das TV-Business auf mit Shows wie \u201eDie Comedy Falle\u201c (SAT1), \u201eGottschalks Klassentreffen\u201c (RTL) und \u201eDie Goldene Kamera\u201c (ZDF). Im Jahr 2014 macht er sich selbstst\u00e4ndig, startet die ersten Film- und Webprojekte als Freelancer. Von 2016 bis 2019 ist er zusammen mit einem Gesch\u00e4ftspartner Inhaber und Gesch\u00e4ftsf\u00fchrer der EXPLANIDEO GmbH \u2013 und produziert hochwertige Erkl\u00e4rfilme f\u00fcr internationale Kunden in Deutschland, Schweiz, Italien und \u00d6sterreich. Vom Start-Up \u00fcber KMUs und NGOs bis hin zu gro\u00dfen Konzernen betreut er nachhaltig auch heute noch viele (Stamm-) Kunden. Seit Herbst 2019 widmet er sich mit einem sehr starken Team (mindestens 10 Jahre Erfahrung im jeweiligen Bereich) leidenschaftlich dem Personal &amp; Corporate Branding. Wir lassen unsere Referenzen sprechen \u2013 lassen Sie sich inspirieren!","sameAs":["https:\/\/www.tm-branding.it"],"url":"https:\/\/www.tm-branding.it\/it\/author\/tm-admin\/"}]}},"_links":{"self":[{"href":"https:\/\/www.tm-branding.it\/it\/wp-json\/wp\/v2\/posts\/6335","targetHints":{"allow":["GET"]}}],"collection":[{"href":"https:\/\/www.tm-branding.it\/it\/wp-json\/wp\/v2\/posts"}],"about":[{"href":"https:\/\/www.tm-branding.it\/it\/wp-json\/wp\/v2\/types\/post"}],"author":[{"embeddable":true,"href":"https:\/\/www.tm-branding.it\/it\/wp-json\/wp\/v2\/users\/2"}],"replies":[{"embeddable":true,"href":"https:\/\/www.tm-branding.it\/it\/wp-json\/wp\/v2\/comments?post=6335"}],"version-history":[{"count":1,"href":"https:\/\/www.tm-branding.it\/it\/wp-json\/wp\/v2\/posts\/6335\/revisions"}],"predecessor-version":[{"id":6372,"href":"https:\/\/www.tm-branding.it\/it\/wp-json\/wp\/v2\/posts\/6335\/revisions\/6372"}],"wp:featuredmedia":[{"embeddable":true,"href":"https:\/\/www.tm-branding.it\/it\/wp-json\/wp\/v2\/media\/6336"}],"wp:attachment":[{"href":"https:\/\/www.tm-branding.it\/it\/wp-json\/wp\/v2\/media?parent=6335"}],"wp:term":[{"taxonomy":"category","embeddable":true,"href":"https:\/\/www.tm-branding.it\/it\/wp-json\/wp\/v2\/categories?post=6335"},{"taxonomy":"post_tag","embeddable":true,"href":"https:\/\/www.tm-branding.it\/it\/wp-json\/wp\/v2\/tags?post=6335"}],"curies":[{"name":"wp","href":"https:\/\/api.w.org\/{rel}","templated":true}]}}