{"id":6337,"date":"2021-05-19T09:39:50","date_gmt":"2021-05-19T07:39:50","guid":{"rendered":"https:\/\/www.tm-branding.it\/ich-brauche-ein-neues-logo-design-und-nun\/"},"modified":"2026-02-20T13:12:55","modified_gmt":"2026-02-20T12:12:55","slug":"ich-brauche-ein-neues-logo-design-und-nun","status":"publish","type":"post","link":"https:\/\/www.tm-branding.it\/it\/ich-brauche-ein-neues-logo-design-und-nun\/","title":{"rendered":"Logo Design gef\u00e4llig &#8211; wie loslegen?"},"content":{"rendered":"\t\t<div data-elementor-type=\"wp-post\" data-elementor-id=\"6337\" class=\"elementor elementor-6337 elementor-3205\" data-elementor-post-type=\"post\">\n\t\t\t\t\t\t<section class=\"elementor-section elementor-top-section elementor-element elementor-element-3cd73625 elementor-section-boxed elementor-section-height-default elementor-section-height-default\" data-id=\"3cd73625\" data-element_type=\"section\">\n\t\t\t\t\t\t<div class=\"elementor-container elementor-column-gap-default\">\n\t\t\t\t\t<div class=\"elementor-column elementor-col-100 elementor-top-column elementor-element elementor-element-65807a51\" data-id=\"65807a51\" data-element_type=\"column\">\n\t\t\t<div class=\"elementor-widget-wrap elementor-element-populated\">\n\t\t\t\t\t\t<div class=\"elementor-element elementor-element-1d48d49a elementor-widget elementor-widget-text-editor\" data-id=\"1d48d49a\" data-element_type=\"widget\" data-widget_type=\"text-editor.default\">\n\t\t\t\t<div class=\"elementor-widget-container\">\n\t\t\t\t\t\t\t\t\t<p><\/p><br><p class=\"p1\">Viele Unternehmer und Selbstst\u00e4ndige fangen irgendwann einmal an &#8211; und dann muss \u201eschnell\u201c ein Logo her. Meistens macht das dann jemand aus dem Bekanntenkreis, jemand den man kennt oder ein guter Freund. Daran ist nichts auszusetzen, allerdings sollte man von Anfang an auf Qualit\u00e4t achten. Unabh\u00e4ngig davon welches Verh\u00e4ltnis man zum Logo Designer hat, es soll Hand und Fu\u00df haben. Und um das zu erreichen ben\u00f6tigt es einen Profi mit Erfahrung.<\/p>\n<h2 class=\"p1\"><b>Wie kann man an sein Logo Design ran gehen?<\/b><\/h2>\n<ul class=\"ol1\">\n<li class=\"li1\">Kennen und verstehen Sie Ihre Zielgruppe<\/li>\n<li class=\"li1\">Lassen Sie sich inspirieren, sammeln Sie Ideen<\/li>\n<li class=\"li1\">Pr\u00fcfen Sie Ihre Mitbewerber und heben Sie sich von ihnen ab<\/li>\n<li class=\"li1\">Erz\u00e4hlen Sie mit Ihrem Logo eine Geschichte<\/li>\n<li class=\"li1\">Entscheiden Sie sich f\u00fcr eine Basis: Bild, Schrift oder eine Kombination daraus<\/li>\n<li class=\"li1\">Entscheiden Sie sich f\u00fcr eine Typo (Schriftart)<\/li>\n<li class=\"li1\">W\u00e4hlen Sie zwei bis maximal f\u00fcnf Farben f\u00fcr Ihr Logo Design<\/li>\n<li class=\"li1\">Testen Sie Ihre Entw\u00fcrfe auf diversen Publikationen<\/li>\n<\/ul>\n<p><br><\/p><h2 class=\"p1\"><b>Auf was kommt es bei gutem Logo Design \u00fcberhaupt an?<\/b><\/h2>\n<h2 class=\"p1\"><\/h2>\n<p class=\"p1\"><strong>a) Definieren Sie Ihre Pers\u00f6nlichkeit<\/strong><\/p>\n<p class=\"p1\">Ihre Marke sollte sich in Ihrem Logo widerspiegeln. Welche Werte wollen Sie vertreten? Welche Leistung bieten Sie an? Welche Botschaft wollen Sie ausstrahlen? Welche Zielgruppe soll sich angesprochen f\u00fchlen. All diese Fragen flie\u00dfen ein wenn es darum geht Ihr neues Logo Design zu definieren. Ihr Logo sollte eine starke Aussagekraft haben und das Logo Design ist der Grundstein daf\u00fcr. Evtl. kommt noch ein Claim oder eine Subline dazu.<\/p>\n<p class=\"p1\"><strong>b) Versuchen Sie eine zeitlose Darstellung zu entwickeln<\/strong><\/p>\n<p class=\"p1\">Ihr Logo Design soll nicht nur heute, sondern auch morgen funktionieren. Ist die Basis gut durchdacht und zeitlos bedarf es sp\u00e4ter in der Folge nicht so viele Modifikationen. Eine Logo ist nie \u201efertig\u201c, es sollte sich immer dem Zeitgeist und der Entwicklung der Marke anpassen &#8211; vor allem wenn sich der T\u00e4tigkeitsbereich drastisch \u00e4ndert ist eine Anpassung unumg\u00e4nglich. Aber Achtung: Das bedeutet nicht, dass das Design jedem (schnelllebigen) Trend folgen sollte &#8211; im Gegenteil. Bewahren Sie den Kern Ihres Logo Designs, er hat einen Wert.<\/p>\n<p class=\"p1\"><strong>c) Einmal gesehen &#8211; f\u00fcr immer im Kopf<\/strong><\/p>\n<p class=\"p1\">Ein gutes Logo Design bleibt in Erinnerung &#8211; versuchen Sie eine einpr\u00e4gsame Darstellung zu entwickeln. Dabei ist es ratsam Komplexit\u00e4t raus zu nehmen und sich auf eine einfache Darstellung zu fokussieren. Niemand will ein furchtbar kompliziertes Logo sehen. Der Sager \u201eKeep it simple\u201c ist wie so oft ein guter Ratgeber. Beweis daf\u00fcr sind zahlreiche sehr gro\u00dfe, weltbekannte Marken, wie z.B. BMW, Mercedes oder Starbucks. Sie alle haben sich von anf\u00e4nglich detaillierter Optik immer weiter reduziert auf das Wesentliche.<\/p>\n<p class=\"p1\"><strong>d) Seien Sie originell!<\/strong><\/p>\n<p class=\"p1\">Eine abgedroschene Darstellung, die jeder schon X Mal gesehen hat, ist selbstredend nicht hilfreich und sticht nicht aus der Masse hervor. Deshalb ist Originalit\u00e4t das Zauberwort. Versuchen Sie eine originelle Idee zu entwickeln, die einzigartig ist und zu Ihnen, Ihrer Pers\u00f6nlichkeit und Ihrem Unternehmen oder Ihrer Selbst\u00e4ndigkeit passt. Ein originelles Logo Design bleibt automatisch l\u00e4nger im Kopf ist ein guter Werbebotschafter f\u00fcr Sie.<\/p><p class=\"p1\"><br><\/p><h3 style=\"text-align: center;\">Mehr Aufmerksamkeit<\/h3><br><br><h3 style=\"text-align: center;\">Bleibt im Kopf<\/h3><br><br><h3 style=\"text-align: center;\">Seien Sie originell<\/h3>\n<p><br><\/p>\n<h2 class=\"p1\"><b>Quick Tipps f\u00fcr gutes Logo Design <\/b><\/h2>\n<ul class=\"ul1\">\n<li class=\"li1\">Achten Sie bei der Gestaltung auf Proportionen<\/li>\n<li class=\"li1\">Lassen Sie sich Zeit bei der Farbauswahl<\/li>\n<li class=\"li1\">Weniger Farben sind besser als zu viele<\/li>\n<li class=\"li1\">Dasselbe gilt f\u00fcr Schriften: Nicht mehr als zwei sollten es sein<\/li>\n<li class=\"li1\">Vergessen Sie die Barrierefreiheit nicht<\/li>\n<li class=\"li1\">Neben einem farbigen Logo sollte es immer auch eine schwarzwei\u00df Variante geben<\/li>\n<li class=\"li1\">Logos sollten immer im Vektorformat vorliegen<\/li>\n<li class=\"li1\">Denken Sie an viele Einsatzm\u00f6glichkeiten (nicht nur Website &amp; Visitenkarte)<\/li>\n<li class=\"li1\">\u00dcberlegen Sie die M\u00f6glichkeit eines Claims (Beispiel McDonalds \u201eIch liebe es\u201c)<\/li>\n<li class=\"li1\">Denken Sie \u00fcber das Logo Design hinaus auch an das ganzheitliche Branding<\/li>\n<li class=\"li1\">Planen Sie auch gleich schon Ihr Corporate Design<\/li>\n<li class=\"li1\">Vergessen Sie niemals den Leitsatz \u201eKeep it simple\u201c<\/li>\n<li class=\"li1\">Zeitloses Logo Design ist niemals verkehrt<\/li>\n<\/ul><br><h2 class=\"p1\"><b>Viel Freude mit Ihrem neuen Logo Design!<\/b><\/h2>\n<p class=\"p1\">Im besten Fall erregt Ihr neues Logo Aufmerksamkeit, bildet Ihre Markenidentit\u00e4t ab, und unterscheidet sich deutlich von Ihrem Mitbewarb. Schlussendlich m\u00fcssen Sie sich mit Ihrem Logo wohl f\u00fchlen, schlie\u00dflich m\u00fcssen Sie es repr\u00e4sentieren und dazu stehen. Es sollte also nicht nur Ihrer Zielgruppe gefallen, sondern auch Ihnen selbst. Seien Sie dabei nicht zu streng mit sich selbst. Der erste Entwurf muss nicht gleich der Beste sein &#8211; eine Weiterentwicklung kann bald stattfinden und nicht erst nach vielen Monaten oder Jahren. Mit einer professionellen Beratung werden Sie mit Ihrem Logo Design auf jeden Fall einen Treffer landen. Viel Erfolg dabei!<\/p>\n<p class=\"p1\">Sie ben\u00f6tigen gerade ein neues Logo? Oder Sie wollen Ihr altes auffrischen und modernisieren? Melden Sie sich bei uns, wir beraten Sie mit viel Erfahrung und Kreativit\u00e4t. <strong>Rufen Sie jetzt an.<\/strong><br>\n<\/p>\t\t\t\t\t\t\t\t<\/div>\n\t\t\t\t<\/div>\n\t\t\t\t\t<\/div>\n\t\t<\/div>\n\t\t\t\t\t<\/div>\n\t\t<\/section>\n\t\t\t\t<\/div>\n\t\t","protected":false},"excerpt":{"rendered":"<p>Ihre Marke sollte sich in Ihrem Logo widerspiegeln. Welche Werte wollen Sie vertreten? Welche Leistung bieten Sie an? Welche Botschaft wollen Sie ausstrahlen?<\/p>\n","protected":false},"author":2,"featured_media":6338,"comment_status":"closed","ping_status":"open","sticky":false,"template":"","format":"standard","meta":{"_acf_changed":false,"footnotes":""},"categories":[277,269,271],"tags":[257,224,230,219,20],"class_list":["post-6337","post","type-post","status-publish","format-standard","has-post-thumbnail","hentry","category-allgemein","category-projekte-de","category-webdesign-de","tag-blog","tag-corporate-design","tag-logo-design","tag-relaunch","tag-website"],"acf":[],"yoast_head":"<!-- This site is optimized with the Yoast SEO plugin v27.0 - https:\/\/yoast.com\/product\/yoast-seo-wordpress\/ -->\n<title>Logo Design in S\u00fcdtirol gesucht? - TM BRANDING<\/title>\n<meta name=\"description\" content=\"Logo Design: Wir helfen Ihnen bei Ihrem Logo Design in Bozen und S\u00fcdtirol\" \/>\n<meta name=\"robots\" content=\"index, follow, max-snippet:-1, max-image-preview:large, max-video-preview:-1\" \/>\n<link rel=\"canonical\" href=\"https:\/\/www.tm-branding.it\/it\/ich-brauche-ein-neues-logo-design-und-nun\/\" \/>\n<meta property=\"og:locale\" content=\"it_IT\" \/>\n<meta property=\"og:type\" content=\"article\" \/>\n<meta property=\"og:title\" content=\"Webdesign S\u00fcdtirol \u2013 Fachwissen f\u00fcr Ihren Webauftritt\" \/>\n<meta property=\"og:description\" content=\"N\u00fctzliches Fachwissen f\u00fcr Ihr Webdesign und Webauftritt in S\u00fcdtirol. TM BRANDING, Ihr Partner f\u00fcr Responsive Business Webdesign aus Bozen.\" \/>\n<meta property=\"og:url\" content=\"https:\/\/www.tm-branding.it\/it\/ich-brauche-ein-neues-logo-design-und-nun\/\" \/>\n<meta property=\"og:site_name\" content=\"TM BRANDING\" \/>\n<meta property=\"article:published_time\" content=\"2021-05-19T07:39:50+00:00\" \/>\n<meta property=\"article:modified_time\" content=\"2026-02-20T12:12:55+00:00\" \/>\n<meta property=\"og:image\" content=\"https:\/\/www.tm-branding.it\/wp-content\/uploads\/2021\/01\/staff-line-personalberatung-webdesign-scaled.jpg\" \/>\n<meta name=\"author\" content=\"Tobias Mahlknecht\" \/>\n<meta name=\"twitter:card\" content=\"summary_large_image\" \/>\n<meta name=\"twitter:label1\" content=\"Scritto da\" \/>\n\t<meta name=\"twitter:data1\" content=\"Tobias Mahlknecht\" \/>\n\t<meta name=\"twitter:label2\" content=\"Tempo di lettura stimato\" \/>\n\t<meta name=\"twitter:data2\" content=\"4 minuti\" \/>\n<script type=\"application\/ld+json\" class=\"yoast-schema-graph\">{\"@context\":\"https:\/\/schema.org\",\"@graph\":[{\"@type\":\"Article\",\"@id\":\"https:\/\/www.tm-branding.it\/it\/ich-brauche-ein-neues-logo-design-und-nun\/#article\",\"isPartOf\":{\"@id\":\"https:\/\/www.tm-branding.it\/it\/ich-brauche-ein-neues-logo-design-und-nun\/\"},\"author\":{\"name\":\"Tobias Mahlknecht\",\"@id\":\"https:\/\/www.tm-branding.it\/it\/#\/schema\/person\/394084dd9cd1d34a70d7b397d2c5021e\"},\"headline\":\"Logo Design gef\u00e4llig &#8211; wie loslegen?\",\"datePublished\":\"2021-05-19T07:39:50+00:00\",\"dateModified\":\"2026-02-20T12:12:55+00:00\",\"mainEntityOfPage\":{\"@id\":\"https:\/\/www.tm-branding.it\/it\/ich-brauche-ein-neues-logo-design-und-nun\/\"},\"wordCount\":789,\"publisher\":{\"@id\":\"https:\/\/www.tm-branding.it\/it\/#organization\"},\"image\":{\"@id\":\"https:\/\/www.tm-branding.it\/it\/ich-brauche-ein-neues-logo-design-und-nun\/#primaryimage\"},\"thumbnailUrl\":\"https:\/\/www.tm-branding.it\/wp-content\/uploads\/2023\/05\/TM-Branding-leistungswolke.jpg\",\"keywords\":[\"Blog\",\"Corporate Design\",\"Logo Design\",\"Relaunch\",\"Website\"],\"articleSection\":[\"Allgemein\",\"Projekte\",\"Webdesign\"],\"inLanguage\":\"it-IT\"},{\"@type\":\"WebPage\",\"@id\":\"https:\/\/www.tm-branding.it\/it\/ich-brauche-ein-neues-logo-design-und-nun\/\",\"url\":\"https:\/\/www.tm-branding.it\/it\/ich-brauche-ein-neues-logo-design-und-nun\/\",\"name\":\"Logo Design in S\u00fcdtirol gesucht? - TM BRANDING\",\"isPartOf\":{\"@id\":\"https:\/\/www.tm-branding.it\/it\/#website\"},\"primaryImageOfPage\":{\"@id\":\"https:\/\/www.tm-branding.it\/it\/ich-brauche-ein-neues-logo-design-und-nun\/#primaryimage\"},\"image\":{\"@id\":\"https:\/\/www.tm-branding.it\/it\/ich-brauche-ein-neues-logo-design-und-nun\/#primaryimage\"},\"thumbnailUrl\":\"https:\/\/www.tm-branding.it\/wp-content\/uploads\/2023\/05\/TM-Branding-leistungswolke.jpg\",\"datePublished\":\"2021-05-19T07:39:50+00:00\",\"dateModified\":\"2026-02-20T12:12:55+00:00\",\"description\":\"Logo Design: Wir helfen Ihnen bei Ihrem Logo Design in Bozen und S\u00fcdtirol\",\"breadcrumb\":{\"@id\":\"https:\/\/www.tm-branding.it\/it\/ich-brauche-ein-neues-logo-design-und-nun\/#breadcrumb\"},\"inLanguage\":\"it-IT\",\"potentialAction\":[{\"@type\":\"ReadAction\",\"target\":[\"https:\/\/www.tm-branding.it\/it\/ich-brauche-ein-neues-logo-design-und-nun\/\"]}]},{\"@type\":\"ImageObject\",\"inLanguage\":\"it-IT\",\"@id\":\"https:\/\/www.tm-branding.it\/it\/ich-brauche-ein-neues-logo-design-und-nun\/#primaryimage\",\"url\":\"https:\/\/www.tm-branding.it\/wp-content\/uploads\/2023\/05\/TM-Branding-leistungswolke.jpg\",\"contentUrl\":\"https:\/\/www.tm-branding.it\/wp-content\/uploads\/2023\/05\/TM-Branding-leistungswolke.jpg\",\"width\":1920,\"height\":836,\"caption\":\"Beratung Branding Konzepte Erkl\u00e4rvideos\"},{\"@type\":\"BreadcrumbList\",\"@id\":\"https:\/\/www.tm-branding.it\/it\/ich-brauche-ein-neues-logo-design-und-nun\/#breadcrumb\",\"itemListElement\":[{\"@type\":\"ListItem\",\"position\":1,\"name\":\"Startseite\",\"item\":\"https:\/\/www.tm-branding.it\/it\/\"},{\"@type\":\"ListItem\",\"position\":2,\"name\":\"Logo Design gef\u00e4llig &#8211; wie loslegen?\"}]},{\"@type\":\"WebSite\",\"@id\":\"https:\/\/www.tm-branding.it\/it\/#website\",\"url\":\"https:\/\/www.tm-branding.it\/it\/\",\"name\":\"TM BRANDING\",\"description\":\"TM BRANDING\",\"publisher\":{\"@id\":\"https:\/\/www.tm-branding.it\/it\/#organization\"},\"potentialAction\":[{\"@type\":\"SearchAction\",\"target\":{\"@type\":\"EntryPoint\",\"urlTemplate\":\"https:\/\/www.tm-branding.it\/it\/?s={search_term_string}\"},\"query-input\":{\"@type\":\"PropertyValueSpecification\",\"valueRequired\":true,\"valueName\":\"search_term_string\"}}],\"inLanguage\":\"it-IT\"},{\"@type\":\"Organization\",\"@id\":\"https:\/\/www.tm-branding.it\/it\/#organization\",\"name\":\"TM BRANDING\",\"url\":\"https:\/\/www.tm-branding.it\/it\/\",\"logo\":{\"@type\":\"ImageObject\",\"inLanguage\":\"it-IT\",\"@id\":\"https:\/\/www.tm-branding.it\/it\/#\/schema\/logo\/image\/\",\"url\":\"https:\/\/www.tm-branding.it\/wp-content\/uploads\/2023\/05\/tmbranding-logo.png\",\"contentUrl\":\"https:\/\/www.tm-branding.it\/wp-content\/uploads\/2023\/05\/tmbranding-logo.png\",\"width\":2001,\"height\":230,\"caption\":\"TM BRANDING\"},\"image\":{\"@id\":\"https:\/\/www.tm-branding.it\/it\/#\/schema\/logo\/image\/\"}},{\"@type\":\"Person\",\"@id\":\"https:\/\/www.tm-branding.it\/it\/#\/schema\/person\/394084dd9cd1d34a70d7b397d2c5021e\",\"name\":\"Tobias Mahlknecht\",\"image\":{\"@type\":\"ImageObject\",\"inLanguage\":\"it-IT\",\"@id\":\"https:\/\/www.tm-branding.it\/it\/#\/schema\/person\/image\/\",\"url\":\"https:\/\/secure.gravatar.com\/avatar\/6f155475ac784c3a8222de560219fb7bd5dd06db467e18d19ef53cbcae8fa05a?s=96&d=mm&r=g\",\"contentUrl\":\"https:\/\/secure.gravatar.com\/avatar\/6f155475ac784c3a8222de560219fb7bd5dd06db467e18d19ef53cbcae8fa05a?s=96&d=mm&r=g\",\"caption\":\"Tobias Mahlknecht\"},\"description\":\"Wer steckt hinter TM BRANDING? Ihr Experte Tobias Mahlknecht (Inhaber &amp; Founder) Vom sch\u00f6nen Bozen in S\u00fcdtirol ging es f\u00fcr Tobias Mahlknecht (1984 geboren) viele Jahre als Redakteur und Redaktionsleiter nach M\u00fcnchen. Er wirbelte das TV-Business auf mit Shows wie \u201eDie Comedy Falle\u201c (SAT1), \u201eGottschalks Klassentreffen\u201c (RTL) und \u201eDie Goldene Kamera\u201c (ZDF). Im Jahr 2014 macht er sich selbstst\u00e4ndig, startet die ersten Film- und Webprojekte als Freelancer. Von 2016 bis 2019 ist er zusammen mit einem Gesch\u00e4ftspartner Inhaber und Gesch\u00e4ftsf\u00fchrer der EXPLANIDEO GmbH \u2013 und produziert hochwertige Erkl\u00e4rfilme f\u00fcr internationale Kunden in Deutschland, Schweiz, Italien und \u00d6sterreich. Vom Start-Up \u00fcber KMUs und NGOs bis hin zu gro\u00dfen Konzernen betreut er nachhaltig auch heute noch viele (Stamm-) Kunden. Seit Herbst 2019 widmet er sich mit einem sehr starken Team (mindestens 10 Jahre Erfahrung im jeweiligen Bereich) leidenschaftlich dem Personal &amp; Corporate Branding. Wir lassen unsere Referenzen sprechen \u2013 lassen Sie sich inspirieren!\",\"sameAs\":[\"https:\/\/www.tm-branding.it\"],\"url\":\"https:\/\/www.tm-branding.it\/it\/author\/tm-admin\/\"}]}<\/script>\n<!-- \/ Yoast SEO plugin. -->","yoast_head_json":{"title":"Logo Design in S\u00fcdtirol gesucht? - TM BRANDING","description":"Logo Design: Wir helfen Ihnen bei Ihrem Logo Design in Bozen und S\u00fcdtirol","robots":{"index":"index","follow":"follow","max-snippet":"max-snippet:-1","max-image-preview":"max-image-preview:large","max-video-preview":"max-video-preview:-1"},"canonical":"https:\/\/www.tm-branding.it\/it\/ich-brauche-ein-neues-logo-design-und-nun\/","og_locale":"it_IT","og_type":"article","og_title":"Webdesign S\u00fcdtirol \u2013 Fachwissen f\u00fcr Ihren Webauftritt","og_description":"N\u00fctzliches Fachwissen f\u00fcr Ihr Webdesign und Webauftritt in S\u00fcdtirol. TM BRANDING, Ihr Partner f\u00fcr Responsive Business Webdesign aus Bozen.","og_url":"https:\/\/www.tm-branding.it\/it\/ich-brauche-ein-neues-logo-design-und-nun\/","og_site_name":"TM BRANDING","article_published_time":"2021-05-19T07:39:50+00:00","article_modified_time":"2026-02-20T12:12:55+00:00","og_image":[{"url":"https:\/\/www.tm-branding.it\/wp-content\/uploads\/2021\/01\/staff-line-personalberatung-webdesign-scaled.jpg","type":"","width":"","height":""}],"author":"Tobias Mahlknecht","twitter_card":"summary_large_image","twitter_misc":{"Scritto da":"Tobias Mahlknecht","Tempo di lettura stimato":"4 minuti"},"schema":{"@context":"https:\/\/schema.org","@graph":[{"@type":"Article","@id":"https:\/\/www.tm-branding.it\/it\/ich-brauche-ein-neues-logo-design-und-nun\/#article","isPartOf":{"@id":"https:\/\/www.tm-branding.it\/it\/ich-brauche-ein-neues-logo-design-und-nun\/"},"author":{"name":"Tobias Mahlknecht","@id":"https:\/\/www.tm-branding.it\/it\/#\/schema\/person\/394084dd9cd1d34a70d7b397d2c5021e"},"headline":"Logo Design gef\u00e4llig &#8211; wie loslegen?","datePublished":"2021-05-19T07:39:50+00:00","dateModified":"2026-02-20T12:12:55+00:00","mainEntityOfPage":{"@id":"https:\/\/www.tm-branding.it\/it\/ich-brauche-ein-neues-logo-design-und-nun\/"},"wordCount":789,"publisher":{"@id":"https:\/\/www.tm-branding.it\/it\/#organization"},"image":{"@id":"https:\/\/www.tm-branding.it\/it\/ich-brauche-ein-neues-logo-design-und-nun\/#primaryimage"},"thumbnailUrl":"https:\/\/www.tm-branding.it\/wp-content\/uploads\/2023\/05\/TM-Branding-leistungswolke.jpg","keywords":["Blog","Corporate Design","Logo Design","Relaunch","Website"],"articleSection":["Allgemein","Projekte","Webdesign"],"inLanguage":"it-IT"},{"@type":"WebPage","@id":"https:\/\/www.tm-branding.it\/it\/ich-brauche-ein-neues-logo-design-und-nun\/","url":"https:\/\/www.tm-branding.it\/it\/ich-brauche-ein-neues-logo-design-und-nun\/","name":"Logo Design in S\u00fcdtirol gesucht? - TM BRANDING","isPartOf":{"@id":"https:\/\/www.tm-branding.it\/it\/#website"},"primaryImageOfPage":{"@id":"https:\/\/www.tm-branding.it\/it\/ich-brauche-ein-neues-logo-design-und-nun\/#primaryimage"},"image":{"@id":"https:\/\/www.tm-branding.it\/it\/ich-brauche-ein-neues-logo-design-und-nun\/#primaryimage"},"thumbnailUrl":"https:\/\/www.tm-branding.it\/wp-content\/uploads\/2023\/05\/TM-Branding-leistungswolke.jpg","datePublished":"2021-05-19T07:39:50+00:00","dateModified":"2026-02-20T12:12:55+00:00","description":"Logo Design: Wir helfen Ihnen bei Ihrem Logo Design in Bozen und S\u00fcdtirol","breadcrumb":{"@id":"https:\/\/www.tm-branding.it\/it\/ich-brauche-ein-neues-logo-design-und-nun\/#breadcrumb"},"inLanguage":"it-IT","potentialAction":[{"@type":"ReadAction","target":["https:\/\/www.tm-branding.it\/it\/ich-brauche-ein-neues-logo-design-und-nun\/"]}]},{"@type":"ImageObject","inLanguage":"it-IT","@id":"https:\/\/www.tm-branding.it\/it\/ich-brauche-ein-neues-logo-design-und-nun\/#primaryimage","url":"https:\/\/www.tm-branding.it\/wp-content\/uploads\/2023\/05\/TM-Branding-leistungswolke.jpg","contentUrl":"https:\/\/www.tm-branding.it\/wp-content\/uploads\/2023\/05\/TM-Branding-leistungswolke.jpg","width":1920,"height":836,"caption":"Beratung Branding Konzepte Erkl\u00e4rvideos"},{"@type":"BreadcrumbList","@id":"https:\/\/www.tm-branding.it\/it\/ich-brauche-ein-neues-logo-design-und-nun\/#breadcrumb","itemListElement":[{"@type":"ListItem","position":1,"name":"Startseite","item":"https:\/\/www.tm-branding.it\/it\/"},{"@type":"ListItem","position":2,"name":"Logo Design gef\u00e4llig &#8211; wie loslegen?"}]},{"@type":"WebSite","@id":"https:\/\/www.tm-branding.it\/it\/#website","url":"https:\/\/www.tm-branding.it\/it\/","name":"TM BRANDING","description":"TM BRANDING","publisher":{"@id":"https:\/\/www.tm-branding.it\/it\/#organization"},"potentialAction":[{"@type":"SearchAction","target":{"@type":"EntryPoint","urlTemplate":"https:\/\/www.tm-branding.it\/it\/?s={search_term_string}"},"query-input":{"@type":"PropertyValueSpecification","valueRequired":true,"valueName":"search_term_string"}}],"inLanguage":"it-IT"},{"@type":"Organization","@id":"https:\/\/www.tm-branding.it\/it\/#organization","name":"TM BRANDING","url":"https:\/\/www.tm-branding.it\/it\/","logo":{"@type":"ImageObject","inLanguage":"it-IT","@id":"https:\/\/www.tm-branding.it\/it\/#\/schema\/logo\/image\/","url":"https:\/\/www.tm-branding.it\/wp-content\/uploads\/2023\/05\/tmbranding-logo.png","contentUrl":"https:\/\/www.tm-branding.it\/wp-content\/uploads\/2023\/05\/tmbranding-logo.png","width":2001,"height":230,"caption":"TM BRANDING"},"image":{"@id":"https:\/\/www.tm-branding.it\/it\/#\/schema\/logo\/image\/"}},{"@type":"Person","@id":"https:\/\/www.tm-branding.it\/it\/#\/schema\/person\/394084dd9cd1d34a70d7b397d2c5021e","name":"Tobias Mahlknecht","image":{"@type":"ImageObject","inLanguage":"it-IT","@id":"https:\/\/www.tm-branding.it\/it\/#\/schema\/person\/image\/","url":"https:\/\/secure.gravatar.com\/avatar\/6f155475ac784c3a8222de560219fb7bd5dd06db467e18d19ef53cbcae8fa05a?s=96&d=mm&r=g","contentUrl":"https:\/\/secure.gravatar.com\/avatar\/6f155475ac784c3a8222de560219fb7bd5dd06db467e18d19ef53cbcae8fa05a?s=96&d=mm&r=g","caption":"Tobias Mahlknecht"},"description":"Wer steckt hinter TM BRANDING? Ihr Experte Tobias Mahlknecht (Inhaber &amp; Founder) Vom sch\u00f6nen Bozen in S\u00fcdtirol ging es f\u00fcr Tobias Mahlknecht (1984 geboren) viele Jahre als Redakteur und Redaktionsleiter nach M\u00fcnchen. Er wirbelte das TV-Business auf mit Shows wie \u201eDie Comedy Falle\u201c (SAT1), \u201eGottschalks Klassentreffen\u201c (RTL) und \u201eDie Goldene Kamera\u201c (ZDF). Im Jahr 2014 macht er sich selbstst\u00e4ndig, startet die ersten Film- und Webprojekte als Freelancer. Von 2016 bis 2019 ist er zusammen mit einem Gesch\u00e4ftspartner Inhaber und Gesch\u00e4ftsf\u00fchrer der EXPLANIDEO GmbH \u2013 und produziert hochwertige Erkl\u00e4rfilme f\u00fcr internationale Kunden in Deutschland, Schweiz, Italien und \u00d6sterreich. Vom Start-Up \u00fcber KMUs und NGOs bis hin zu gro\u00dfen Konzernen betreut er nachhaltig auch heute noch viele (Stamm-) Kunden. Seit Herbst 2019 widmet er sich mit einem sehr starken Team (mindestens 10 Jahre Erfahrung im jeweiligen Bereich) leidenschaftlich dem Personal &amp; Corporate Branding. Wir lassen unsere Referenzen sprechen \u2013 lassen Sie sich inspirieren!","sameAs":["https:\/\/www.tm-branding.it"],"url":"https:\/\/www.tm-branding.it\/it\/author\/tm-admin\/"}]}},"_links":{"self":[{"href":"https:\/\/www.tm-branding.it\/it\/wp-json\/wp\/v2\/posts\/6337","targetHints":{"allow":["GET"]}}],"collection":[{"href":"https:\/\/www.tm-branding.it\/it\/wp-json\/wp\/v2\/posts"}],"about":[{"href":"https:\/\/www.tm-branding.it\/it\/wp-json\/wp\/v2\/types\/post"}],"author":[{"embeddable":true,"href":"https:\/\/www.tm-branding.it\/it\/wp-json\/wp\/v2\/users\/2"}],"replies":[{"embeddable":true,"href":"https:\/\/www.tm-branding.it\/it\/wp-json\/wp\/v2\/comments?post=6337"}],"version-history":[{"count":1,"href":"https:\/\/www.tm-branding.it\/it\/wp-json\/wp\/v2\/posts\/6337\/revisions"}],"predecessor-version":[{"id":6373,"href":"https:\/\/www.tm-branding.it\/it\/wp-json\/wp\/v2\/posts\/6337\/revisions\/6373"}],"wp:featuredmedia":[{"embeddable":true,"href":"https:\/\/www.tm-branding.it\/it\/wp-json\/wp\/v2\/media\/6338"}],"wp:attachment":[{"href":"https:\/\/www.tm-branding.it\/it\/wp-json\/wp\/v2\/media?parent=6337"}],"wp:term":[{"taxonomy":"category","embeddable":true,"href":"https:\/\/www.tm-branding.it\/it\/wp-json\/wp\/v2\/categories?post=6337"},{"taxonomy":"post_tag","embeddable":true,"href":"https:\/\/www.tm-branding.it\/it\/wp-json\/wp\/v2\/tags?post=6337"}],"curies":[{"name":"wp","href":"https:\/\/api.w.org\/{rel}","templated":true}]}}