{"id":6343,"date":"2021-05-14T11:31:10","date_gmt":"2021-05-14T09:31:10","guid":{"rendered":"https:\/\/www.tm-branding.it\/sie-planen-ihren-website-relaunch\/"},"modified":"2026-02-20T13:12:55","modified_gmt":"2026-02-20T12:12:55","slug":"sie-planen-ihren-website-relaunch","status":"publish","type":"post","link":"https:\/\/www.tm-branding.it\/it\/sie-planen-ihren-website-relaunch\/","title":{"rendered":"Website Relaunch geplant?"},"content":{"rendered":"\n\n<h1>Website Relaunch geplant?<\/h1>\n\n<p class=\"p1\">Sie sind auf der Suche nach einer Agentur, die Ihnen hilft Ihre Website zu verbessern? Oder gar Ihr Webdesign komplett erneuern soll? Dann sollten Sie sich im Vorfeld einige Fragen stellen, was es eigentlich zu tun gibt. Eine gute Agentur wird Sie hierzu umfassend beraten, damit Ihr Ziel m\u00f6glichst schnell und (kosten-) effizient erreicht werden kann.<\/p>\n\n<h2 class=\"p1\"><b>Folgende Fragen helfen am Anfang Klarheit zu finden:<\/b><\/h2>\n<ul class=\"ol1\">\n \t<li class=\"li1\">Ist Ihr Logo \u00fcberhaupt noch zeitgem\u00e4\u00df und spiegelt es Ihre aktuelle T\u00e4tigkeit wieder?<\/li>\n \t<li class=\"li1\">Passt Ihre Website grunds\u00e4tzlich noch zu Ihnen und Ihrer Person?<\/li>\n \t<li class=\"li1\">Ist Ihr Webdesign modern und ansprechend genug?<\/li>\n \t<li class=\"li1\">Haben Sie sich in den letzten Jahren stark ver\u00e4ndert und gewandelt und passt das, was auf Ihrer Website steht, gar nicht mehr zu Ihrer aktuellen T\u00e4tigkeit?<\/li>\n \t<li class=\"li1\">Sind Ihre besten Referenzen online oder sind manche schon sehr verstaubt?<\/li>\n \t<li class=\"li1\">Ist Ihre Website schnell genug was die Ladezeit angeht? Oder muss man sich einen Kaffee holen bis alles angezeigt wird? :-)<\/li>\n \t<li class=\"li1\">Eine Frage, die Sie hoffentlich mit JA beantworten k\u00f6nnen: Ist Ihre Seite responsive (also f\u00fcr Mobilger\u00e4te wie Tablets und Smartphones optimiert)?<\/li>\n \t<li class=\"li1\">Sind die Texte noch aktuell und spiegeln Sie Ihr Leistungsangebot wieder?<\/li>\n \t<li class=\"li1\">Sind Ihre Fotos noch aktuell oder sind Sie auf einigen bereits 10 Jahre j\u00fcnger?<\/li>\n \t<li class=\"li1\">F\u00fchlt sich Ihre aktuelle Zielgruppe durch die Inhalte noch angesprochen oder hat sich Ihr Leistungsangebot zu sehr ver\u00e4ndert?<\/li>\n \t<li class=\"li1\">Wird auf der Startseite auf einen Blick klar was Sie machen und anbieten?<\/li>\n \t<li class=\"li1\">Sind die Informationen sehr verschachtelt angeordnet? Vielleicht f\u00fcr Sie verst\u00e4ndlich, aber nicht f\u00fcr jemanden, der Sie gar nicht kennt?<\/li>\n \t<li class=\"li1\">Ist Ihr Portfolio gut durchmischt und passt es \u00fcberhaupt zu Ihrer aktuellen T\u00e4tigkeit?<\/li>\n \t<li class=\"li1\">Gibt es die Notwendigkeit Ihre Website mehrsprachig anzubieten? Zum Beispiel auch in Englisch?<\/li>\n<\/ul>\n\n<h2 class=\"p1\"><b>Seien Sie ehrlich und machen Sie eine konkrete Bestandsaufnahme Ihrer Website <\/b><\/h2>\n<p class=\"p1\">Bei der Beantwortung dieser und weiterer Fragen sollten Sie schonungslos ehrlich zu sich selbst sein &#8211; nur dann k\u00f6nnen Sie sich selbst helfen (lassen). Und tr\u00f6sten Sie sich gerne bereits vorab damit: Eine Website ist niemals fertig, Sie ist ein dynamischer und lebendiger Organismus, der stets gepflegt werden muss. Auch sehr gutes Webdesign bedarf der Pflege und kann laufend weiter entwickelt werden, auch an kleinen Stellschrauben kann und sollte gedreht werden. Den Besucher:innen fallen diese Kleinigkeiten auf jeden Fall auf, seien Sie sich dessen bewusst. In der Ver\u00e4nderung liegt die Kraft!<\/p>\n\n<h3 style=\"text-align: center;\">Website Relaunch<\/h3>\n<h3 style=\"text-align: center;\">Welche Ziele haben Sie?<\/h3>\n\n<h3 style=\"text-align: center;\">Informieren Sie sich<\/h3>\n\n\n<h2 class=\"p1\"><b>Gutes Webdesign lebt auch von guten Fotos <\/b><\/h2>\n<p class=\"p1\">Ein wichtiger Tipp f\u00fcr einen gelungenen Relaunch: Lassen Sie bitte professionelle Fotos machen &#8211; es zahlt sich auf jeden Fall aus! Nichts ist peinlicher als selbst gemachte Fotos, im schlimmsten Fall mit dem Smartphone. Das kann und wird nicht gut gehen und sieht umprofessionell aus. \u00dcberlegen Sie, was Sie von einem Berater oder einer Firma halten w\u00fcrden, die selbst gemachte Fotos auf der Website nutzen? Genau, vermutlich w\u00fcrden Sie nichts Gutes denken\u2026 Wenigstens ein ordentliches Foto ist absoluter Minimalstandard f\u00fcr Ihre moderne Website.<\/p>\n\n<h2 class=\"p1\"><b>Stellen Sie Ihren Kunden in den Mittelpunkt &#8211; welchen Mehrwert bekommt er?<\/b><\/h2>\n<p class=\"p1\">Ein ebenso wichtiger Tipp ist es, nicht mit Selbstbeweihr\u00e4ucherung vorzugehen, sondern Ihren Kunden in den Mittelpunkt zu stellen. Welchen Mehrwert hat er, wenn er mit Ihnen zusammen arbeitet? Auf was kann er sich freuen, welche Hilfestellungen bekommt er konkret, um seine Ziele zu erreichen. Am Ende geht es immer um den Kunden &#8211; und nicht um Sie selbst.<\/p>\n\n<h2 class=\"p1\"><b>Neben Ihrer eigenen Website einen Social Media Kanal pflegen?<\/b><\/h2>\n<p class=\"p1\">Wenn Sie einen Website Relaunch mit ganz neuem Webdesign planen k\u00f6nnen Sie die \u00dcberlegung anstellen, ob Sie Social Media Marketing betreiben wollen oder nicht. Sprich: M\u00f6chten Sie auf Social Media Kan\u00e4len als Person oder Unternehmen stattfinden? Meine Empfehlung lautet: Wenn Sie das tun wollen, suchen Sie sich bitte einen Kanal aus und starten erst einmal damit. So bekommen Sie schnell ein Gef\u00fchl ob Ihnen das Spa\u00df macht und worauf es ankommt. Es n\u00fctzt Ihnen nichts, wenn Sie sich vornehmen f\u00fcnf Social Media Kan\u00e4le gleichzeitig bespielen zu wollen (z.B. LinkedIn, XING, Facebook, Instagram, TikTok) und am Ende des Tages alle Kan\u00e4le vernachl\u00e4ssigen. Sie erreichen damit gar nichts, im Gegenteil, Sie geben eine schlechte Figur ab, weil Ihre Kan\u00e4le verwaisen.<\/p>\n<p class=\"p1\">W\u00e4hlen Sie wie gesagt lieber einen Kanal, der am besten zu Ihrer Zielgruppe passt, und probieren Sie sich aus. Testen Sie verschiedene Arten von Postings. Zum Beispiel Postings mit Text, welche mit Fotos, mit Videos, welche in Blog-Form. Posts, die service-orientiert sind, Posts, die Ihr Portfolio zeigen, Posts die zum Nachdenken anregen etc. Und beobachten Sie die Performance. So werden Sie zwangsl\u00e4ufig Ihren ganz eigenen Weg finden &#8211; und merken, ob Ihnen das Spa\u00df macht oder nicht.<\/p>\n\n<h2 class=\"p1\"><b>Die richtige Positionierung ist elementar &#8211; auch und vor allem beim Website Relaunch <\/b><\/h2>\n<p class=\"p1\">Alles beginnt mit der richtigen Positionierung. Wie sind Sie in Ihrer Branche positioniert? Kennt man Sie? Nimmt man Sie wahr? F\u00fcr was m\u00f6chten Sie stehen? Welche Kunden m\u00f6chten Sie erreichen? Diese zentralen Fragen sind sehr wichtig zu kl\u00e4ren, bevor es mit Ihrem Relaunch konkret wird. Alles andere f\u00fcgt sich dann von alleine &#8211; zumindest wenn Sie eine gute Beratung bekommen und sich in guten H\u00e4nden wissen. Viel Erfolg bei Ihrem Website Relaunch! :-)<\/p>\n\n<p class=\"p1\">Sie haben Fragen und ben\u00f6tigen eine unverbindliche Beratung f\u00fcr Ihren Website Relaunch? Wir nehmen uns gerne <strong>jetzt<\/strong> Zeit f\u00fcr Sie. Melden Sie sich.<\/p>\n\n\n\n\n<p><\/p>\n","protected":false},"excerpt":{"rendered":"<p>Sie sind auf der Suche nach einer Agentur, die Ihnen hilft Ihre Website zu verbessern? Oder gar Ihr Webdesign komplett erneuern soll? Dann sollten Sie&#8230;<\/p>\n","protected":false},"author":2,"featured_media":6344,"comment_status":"closed","ping_status":"open","sticky":false,"template":"","format":"standard","meta":{"_acf_changed":false,"footnotes":""},"categories":[271],"tags":[257,221,219,39,20],"class_list":["post-6343","post","type-post","status-publish","format-standard","has-post-thumbnail","hentry","category-webdesign-de","tag-blog","tag-positionierung","tag-relaunch","tag-webdesign","tag-website"],"acf":[],"yoast_head":"<!-- This site is optimized with the Yoast SEO plugin v27.0 - https:\/\/yoast.com\/product\/yoast-seo-wordpress\/ -->\n<title>Website Relaunch geplant? - TM BRANDING<\/title>\n<meta name=\"description\" content=\"Sie sind auf der Suche nach einer Agentur, die Ihnen hilft Ihre Website zu verbessern? Einen Relaunch inklusive Webdesign vorzunehmen?\" \/>\n<meta name=\"robots\" content=\"index, follow, max-snippet:-1, max-image-preview:large, max-video-preview:-1\" \/>\n<link rel=\"canonical\" href=\"https:\/\/www.tm-branding.it\/it\/sie-planen-ihren-website-relaunch\/\" \/>\n<meta property=\"og:locale\" content=\"it_IT\" \/>\n<meta property=\"og:type\" content=\"article\" \/>\n<meta property=\"og:title\" content=\"Webdesign S\u00fcdtirol \u2013 Fachwissen f\u00fcr Ihren Webauftritt\" \/>\n<meta property=\"og:description\" content=\"N\u00fctzliches Fachwissen f\u00fcr Ihr Webdesign und Webauftritt in S\u00fcdtirol. TM BRANDING, Ihr Partner f\u00fcr Responsive Business Webdesign aus Bozen.\" \/>\n<meta property=\"og:url\" content=\"https:\/\/www.tm-branding.it\/it\/sie-planen-ihren-website-relaunch\/\" \/>\n<meta property=\"og:site_name\" content=\"TM BRANDING\" \/>\n<meta property=\"article:published_time\" content=\"2021-05-14T09:31:10+00:00\" \/>\n<meta property=\"article:modified_time\" content=\"2026-02-20T12:12:55+00:00\" \/>\n<meta property=\"og:image\" content=\"https:\/\/www.tm-branding.it\/wp-content\/uploads\/2021\/01\/staff-line-personalberatung-webdesign-scaled.jpg\" \/>\n<meta name=\"author\" content=\"Tobias Mahlknecht\" \/>\n<meta name=\"twitter:card\" content=\"summary_large_image\" \/>\n<meta name=\"twitter:label1\" content=\"Scritto da\" \/>\n\t<meta name=\"twitter:data1\" content=\"Tobias Mahlknecht\" \/>\n\t<meta name=\"twitter:label2\" content=\"Tempo di lettura stimato\" \/>\n\t<meta name=\"twitter:data2\" content=\"5 minuti\" \/>\n<script type=\"application\/ld+json\" class=\"yoast-schema-graph\">{\"@context\":\"https:\/\/schema.org\",\"@graph\":[{\"@type\":\"Article\",\"@id\":\"https:\/\/www.tm-branding.it\/it\/sie-planen-ihren-website-relaunch\/#article\",\"isPartOf\":{\"@id\":\"https:\/\/www.tm-branding.it\/it\/sie-planen-ihren-website-relaunch\/\"},\"author\":{\"name\":\"Tobias Mahlknecht\",\"@id\":\"https:\/\/www.tm-branding.it\/it\/#\/schema\/person\/394084dd9cd1d34a70d7b397d2c5021e\"},\"headline\":\"Website Relaunch geplant?\",\"datePublished\":\"2021-05-14T09:31:10+00:00\",\"dateModified\":\"2026-02-20T12:12:55+00:00\",\"mainEntityOfPage\":{\"@id\":\"https:\/\/www.tm-branding.it\/it\/sie-planen-ihren-website-relaunch\/\"},\"wordCount\":909,\"publisher\":{\"@id\":\"https:\/\/www.tm-branding.it\/it\/#organization\"},\"image\":{\"@id\":\"https:\/\/www.tm-branding.it\/it\/sie-planen-ihren-website-relaunch\/#primaryimage\"},\"thumbnailUrl\":\"https:\/\/www.tm-branding.it\/wp-content\/uploads\/2021\/05\/TM-BRANDING-Website-Relaunch.jpg\",\"keywords\":[\"Blog\",\"Positionierung\",\"Relaunch\",\"Webdesign\",\"Website\"],\"articleSection\":[\"Webdesign\"],\"inLanguage\":\"it-IT\"},{\"@type\":\"WebPage\",\"@id\":\"https:\/\/www.tm-branding.it\/it\/sie-planen-ihren-website-relaunch\/\",\"url\":\"https:\/\/www.tm-branding.it\/it\/sie-planen-ihren-website-relaunch\/\",\"name\":\"Website Relaunch geplant? - TM BRANDING\",\"isPartOf\":{\"@id\":\"https:\/\/www.tm-branding.it\/it\/#website\"},\"primaryImageOfPage\":{\"@id\":\"https:\/\/www.tm-branding.it\/it\/sie-planen-ihren-website-relaunch\/#primaryimage\"},\"image\":{\"@id\":\"https:\/\/www.tm-branding.it\/it\/sie-planen-ihren-website-relaunch\/#primaryimage\"},\"thumbnailUrl\":\"https:\/\/www.tm-branding.it\/wp-content\/uploads\/2021\/05\/TM-BRANDING-Website-Relaunch.jpg\",\"datePublished\":\"2021-05-14T09:31:10+00:00\",\"dateModified\":\"2026-02-20T12:12:55+00:00\",\"description\":\"Sie sind auf der Suche nach einer Agentur, die Ihnen hilft Ihre Website zu verbessern? Einen Relaunch inklusive Webdesign vorzunehmen?\",\"breadcrumb\":{\"@id\":\"https:\/\/www.tm-branding.it\/it\/sie-planen-ihren-website-relaunch\/#breadcrumb\"},\"inLanguage\":\"it-IT\",\"potentialAction\":[{\"@type\":\"ReadAction\",\"target\":[\"https:\/\/www.tm-branding.it\/it\/sie-planen-ihren-website-relaunch\/\"]}]},{\"@type\":\"ImageObject\",\"inLanguage\":\"it-IT\",\"@id\":\"https:\/\/www.tm-branding.it\/it\/sie-planen-ihren-website-relaunch\/#primaryimage\",\"url\":\"https:\/\/www.tm-branding.it\/wp-content\/uploads\/2021\/05\/TM-BRANDING-Website-Relaunch.jpg\",\"contentUrl\":\"https:\/\/www.tm-branding.it\/wp-content\/uploads\/2021\/05\/TM-BRANDING-Website-Relaunch.jpg\",\"width\":1920,\"height\":1080,\"caption\":\"Website Relaunch geplant - Tipps und Tricks - Su\u0308dtirol\"},{\"@type\":\"BreadcrumbList\",\"@id\":\"https:\/\/www.tm-branding.it\/it\/sie-planen-ihren-website-relaunch\/#breadcrumb\",\"itemListElement\":[{\"@type\":\"ListItem\",\"position\":1,\"name\":\"Startseite\",\"item\":\"https:\/\/www.tm-branding.it\/it\/\"},{\"@type\":\"ListItem\",\"position\":2,\"name\":\"Website Relaunch geplant?\"}]},{\"@type\":\"WebSite\",\"@id\":\"https:\/\/www.tm-branding.it\/it\/#website\",\"url\":\"https:\/\/www.tm-branding.it\/it\/\",\"name\":\"TM BRANDING\",\"description\":\"TM BRANDING\",\"publisher\":{\"@id\":\"https:\/\/www.tm-branding.it\/it\/#organization\"},\"potentialAction\":[{\"@type\":\"SearchAction\",\"target\":{\"@type\":\"EntryPoint\",\"urlTemplate\":\"https:\/\/www.tm-branding.it\/it\/?s={search_term_string}\"},\"query-input\":{\"@type\":\"PropertyValueSpecification\",\"valueRequired\":true,\"valueName\":\"search_term_string\"}}],\"inLanguage\":\"it-IT\"},{\"@type\":\"Organization\",\"@id\":\"https:\/\/www.tm-branding.it\/it\/#organization\",\"name\":\"TM BRANDING\",\"url\":\"https:\/\/www.tm-branding.it\/it\/\",\"logo\":{\"@type\":\"ImageObject\",\"inLanguage\":\"it-IT\",\"@id\":\"https:\/\/www.tm-branding.it\/it\/#\/schema\/logo\/image\/\",\"url\":\"https:\/\/www.tm-branding.it\/wp-content\/uploads\/2023\/05\/tmbranding-logo.png\",\"contentUrl\":\"https:\/\/www.tm-branding.it\/wp-content\/uploads\/2023\/05\/tmbranding-logo.png\",\"width\":2001,\"height\":230,\"caption\":\"TM BRANDING\"},\"image\":{\"@id\":\"https:\/\/www.tm-branding.it\/it\/#\/schema\/logo\/image\/\"}},{\"@type\":\"Person\",\"@id\":\"https:\/\/www.tm-branding.it\/it\/#\/schema\/person\/394084dd9cd1d34a70d7b397d2c5021e\",\"name\":\"Tobias Mahlknecht\",\"image\":{\"@type\":\"ImageObject\",\"inLanguage\":\"it-IT\",\"@id\":\"https:\/\/www.tm-branding.it\/it\/#\/schema\/person\/image\/\",\"url\":\"https:\/\/secure.gravatar.com\/avatar\/6f155475ac784c3a8222de560219fb7bd5dd06db467e18d19ef53cbcae8fa05a?s=96&d=mm&r=g\",\"contentUrl\":\"https:\/\/secure.gravatar.com\/avatar\/6f155475ac784c3a8222de560219fb7bd5dd06db467e18d19ef53cbcae8fa05a?s=96&d=mm&r=g\",\"caption\":\"Tobias Mahlknecht\"},\"description\":\"Wer steckt hinter TM BRANDING? Ihr Experte Tobias Mahlknecht (Inhaber &amp; Founder) Vom sch\u00f6nen Bozen in S\u00fcdtirol ging es f\u00fcr Tobias Mahlknecht (1984 geboren) viele Jahre als Redakteur und Redaktionsleiter nach M\u00fcnchen. Er wirbelte das TV-Business auf mit Shows wie \u201eDie Comedy Falle\u201c (SAT1), \u201eGottschalks Klassentreffen\u201c (RTL) und \u201eDie Goldene Kamera\u201c (ZDF). Im Jahr 2014 macht er sich selbstst\u00e4ndig, startet die ersten Film- und Webprojekte als Freelancer. Von 2016 bis 2019 ist er zusammen mit einem Gesch\u00e4ftspartner Inhaber und Gesch\u00e4ftsf\u00fchrer der EXPLANIDEO GmbH \u2013 und produziert hochwertige Erkl\u00e4rfilme f\u00fcr internationale Kunden in Deutschland, Schweiz, Italien und \u00d6sterreich. Vom Start-Up \u00fcber KMUs und NGOs bis hin zu gro\u00dfen Konzernen betreut er nachhaltig auch heute noch viele (Stamm-) Kunden. Seit Herbst 2019 widmet er sich mit einem sehr starken Team (mindestens 10 Jahre Erfahrung im jeweiligen Bereich) leidenschaftlich dem Personal &amp; Corporate Branding. Wir lassen unsere Referenzen sprechen \u2013 lassen Sie sich inspirieren!\",\"sameAs\":[\"https:\/\/www.tm-branding.it\"],\"url\":\"https:\/\/www.tm-branding.it\/it\/author\/tm-admin\/\"}]}<\/script>\n<!-- \/ Yoast SEO plugin. -->","yoast_head_json":{"title":"Website Relaunch geplant? - TM BRANDING","description":"Sie sind auf der Suche nach einer Agentur, die Ihnen hilft Ihre Website zu verbessern? Einen Relaunch inklusive Webdesign vorzunehmen?","robots":{"index":"index","follow":"follow","max-snippet":"max-snippet:-1","max-image-preview":"max-image-preview:large","max-video-preview":"max-video-preview:-1"},"canonical":"https:\/\/www.tm-branding.it\/it\/sie-planen-ihren-website-relaunch\/","og_locale":"it_IT","og_type":"article","og_title":"Webdesign S\u00fcdtirol \u2013 Fachwissen f\u00fcr Ihren Webauftritt","og_description":"N\u00fctzliches Fachwissen f\u00fcr Ihr Webdesign und Webauftritt in S\u00fcdtirol. TM BRANDING, Ihr Partner f\u00fcr Responsive Business Webdesign aus Bozen.","og_url":"https:\/\/www.tm-branding.it\/it\/sie-planen-ihren-website-relaunch\/","og_site_name":"TM BRANDING","article_published_time":"2021-05-14T09:31:10+00:00","article_modified_time":"2026-02-20T12:12:55+00:00","og_image":[{"url":"https:\/\/www.tm-branding.it\/wp-content\/uploads\/2021\/01\/staff-line-personalberatung-webdesign-scaled.jpg","type":"","width":"","height":""}],"author":"Tobias Mahlknecht","twitter_card":"summary_large_image","twitter_misc":{"Scritto da":"Tobias Mahlknecht","Tempo di lettura stimato":"5 minuti"},"schema":{"@context":"https:\/\/schema.org","@graph":[{"@type":"Article","@id":"https:\/\/www.tm-branding.it\/it\/sie-planen-ihren-website-relaunch\/#article","isPartOf":{"@id":"https:\/\/www.tm-branding.it\/it\/sie-planen-ihren-website-relaunch\/"},"author":{"name":"Tobias Mahlknecht","@id":"https:\/\/www.tm-branding.it\/it\/#\/schema\/person\/394084dd9cd1d34a70d7b397d2c5021e"},"headline":"Website Relaunch geplant?","datePublished":"2021-05-14T09:31:10+00:00","dateModified":"2026-02-20T12:12:55+00:00","mainEntityOfPage":{"@id":"https:\/\/www.tm-branding.it\/it\/sie-planen-ihren-website-relaunch\/"},"wordCount":909,"publisher":{"@id":"https:\/\/www.tm-branding.it\/it\/#organization"},"image":{"@id":"https:\/\/www.tm-branding.it\/it\/sie-planen-ihren-website-relaunch\/#primaryimage"},"thumbnailUrl":"https:\/\/www.tm-branding.it\/wp-content\/uploads\/2021\/05\/TM-BRANDING-Website-Relaunch.jpg","keywords":["Blog","Positionierung","Relaunch","Webdesign","Website"],"articleSection":["Webdesign"],"inLanguage":"it-IT"},{"@type":"WebPage","@id":"https:\/\/www.tm-branding.it\/it\/sie-planen-ihren-website-relaunch\/","url":"https:\/\/www.tm-branding.it\/it\/sie-planen-ihren-website-relaunch\/","name":"Website Relaunch geplant? - TM BRANDING","isPartOf":{"@id":"https:\/\/www.tm-branding.it\/it\/#website"},"primaryImageOfPage":{"@id":"https:\/\/www.tm-branding.it\/it\/sie-planen-ihren-website-relaunch\/#primaryimage"},"image":{"@id":"https:\/\/www.tm-branding.it\/it\/sie-planen-ihren-website-relaunch\/#primaryimage"},"thumbnailUrl":"https:\/\/www.tm-branding.it\/wp-content\/uploads\/2021\/05\/TM-BRANDING-Website-Relaunch.jpg","datePublished":"2021-05-14T09:31:10+00:00","dateModified":"2026-02-20T12:12:55+00:00","description":"Sie sind auf der Suche nach einer Agentur, die Ihnen hilft Ihre Website zu verbessern? Einen Relaunch inklusive Webdesign vorzunehmen?","breadcrumb":{"@id":"https:\/\/www.tm-branding.it\/it\/sie-planen-ihren-website-relaunch\/#breadcrumb"},"inLanguage":"it-IT","potentialAction":[{"@type":"ReadAction","target":["https:\/\/www.tm-branding.it\/it\/sie-planen-ihren-website-relaunch\/"]}]},{"@type":"ImageObject","inLanguage":"it-IT","@id":"https:\/\/www.tm-branding.it\/it\/sie-planen-ihren-website-relaunch\/#primaryimage","url":"https:\/\/www.tm-branding.it\/wp-content\/uploads\/2021\/05\/TM-BRANDING-Website-Relaunch.jpg","contentUrl":"https:\/\/www.tm-branding.it\/wp-content\/uploads\/2021\/05\/TM-BRANDING-Website-Relaunch.jpg","width":1920,"height":1080,"caption":"Website Relaunch geplant - Tipps und Tricks - Su\u0308dtirol"},{"@type":"BreadcrumbList","@id":"https:\/\/www.tm-branding.it\/it\/sie-planen-ihren-website-relaunch\/#breadcrumb","itemListElement":[{"@type":"ListItem","position":1,"name":"Startseite","item":"https:\/\/www.tm-branding.it\/it\/"},{"@type":"ListItem","position":2,"name":"Website Relaunch geplant?"}]},{"@type":"WebSite","@id":"https:\/\/www.tm-branding.it\/it\/#website","url":"https:\/\/www.tm-branding.it\/it\/","name":"TM BRANDING","description":"TM BRANDING","publisher":{"@id":"https:\/\/www.tm-branding.it\/it\/#organization"},"potentialAction":[{"@type":"SearchAction","target":{"@type":"EntryPoint","urlTemplate":"https:\/\/www.tm-branding.it\/it\/?s={search_term_string}"},"query-input":{"@type":"PropertyValueSpecification","valueRequired":true,"valueName":"search_term_string"}}],"inLanguage":"it-IT"},{"@type":"Organization","@id":"https:\/\/www.tm-branding.it\/it\/#organization","name":"TM BRANDING","url":"https:\/\/www.tm-branding.it\/it\/","logo":{"@type":"ImageObject","inLanguage":"it-IT","@id":"https:\/\/www.tm-branding.it\/it\/#\/schema\/logo\/image\/","url":"https:\/\/www.tm-branding.it\/wp-content\/uploads\/2023\/05\/tmbranding-logo.png","contentUrl":"https:\/\/www.tm-branding.it\/wp-content\/uploads\/2023\/05\/tmbranding-logo.png","width":2001,"height":230,"caption":"TM BRANDING"},"image":{"@id":"https:\/\/www.tm-branding.it\/it\/#\/schema\/logo\/image\/"}},{"@type":"Person","@id":"https:\/\/www.tm-branding.it\/it\/#\/schema\/person\/394084dd9cd1d34a70d7b397d2c5021e","name":"Tobias Mahlknecht","image":{"@type":"ImageObject","inLanguage":"it-IT","@id":"https:\/\/www.tm-branding.it\/it\/#\/schema\/person\/image\/","url":"https:\/\/secure.gravatar.com\/avatar\/6f155475ac784c3a8222de560219fb7bd5dd06db467e18d19ef53cbcae8fa05a?s=96&d=mm&r=g","contentUrl":"https:\/\/secure.gravatar.com\/avatar\/6f155475ac784c3a8222de560219fb7bd5dd06db467e18d19ef53cbcae8fa05a?s=96&d=mm&r=g","caption":"Tobias Mahlknecht"},"description":"Wer steckt hinter TM BRANDING? Ihr Experte Tobias Mahlknecht (Inhaber &amp; Founder) Vom sch\u00f6nen Bozen in S\u00fcdtirol ging es f\u00fcr Tobias Mahlknecht (1984 geboren) viele Jahre als Redakteur und Redaktionsleiter nach M\u00fcnchen. Er wirbelte das TV-Business auf mit Shows wie \u201eDie Comedy Falle\u201c (SAT1), \u201eGottschalks Klassentreffen\u201c (RTL) und \u201eDie Goldene Kamera\u201c (ZDF). Im Jahr 2014 macht er sich selbstst\u00e4ndig, startet die ersten Film- und Webprojekte als Freelancer. Von 2016 bis 2019 ist er zusammen mit einem Gesch\u00e4ftspartner Inhaber und Gesch\u00e4ftsf\u00fchrer der EXPLANIDEO GmbH \u2013 und produziert hochwertige Erkl\u00e4rfilme f\u00fcr internationale Kunden in Deutschland, Schweiz, Italien und \u00d6sterreich. Vom Start-Up \u00fcber KMUs und NGOs bis hin zu gro\u00dfen Konzernen betreut er nachhaltig auch heute noch viele (Stamm-) Kunden. Seit Herbst 2019 widmet er sich mit einem sehr starken Team (mindestens 10 Jahre Erfahrung im jeweiligen Bereich) leidenschaftlich dem Personal &amp; Corporate Branding. Wir lassen unsere Referenzen sprechen \u2013 lassen Sie sich inspirieren!","sameAs":["https:\/\/www.tm-branding.it"],"url":"https:\/\/www.tm-branding.it\/it\/author\/tm-admin\/"}]}},"_links":{"self":[{"href":"https:\/\/www.tm-branding.it\/it\/wp-json\/wp\/v2\/posts\/6343","targetHints":{"allow":["GET"]}}],"collection":[{"href":"https:\/\/www.tm-branding.it\/it\/wp-json\/wp\/v2\/posts"}],"about":[{"href":"https:\/\/www.tm-branding.it\/it\/wp-json\/wp\/v2\/types\/post"}],"author":[{"embeddable":true,"href":"https:\/\/www.tm-branding.it\/it\/wp-json\/wp\/v2\/users\/2"}],"replies":[{"embeddable":true,"href":"https:\/\/www.tm-branding.it\/it\/wp-json\/wp\/v2\/comments?post=6343"}],"version-history":[{"count":1,"href":"https:\/\/www.tm-branding.it\/it\/wp-json\/wp\/v2\/posts\/6343\/revisions"}],"predecessor-version":[{"id":6376,"href":"https:\/\/www.tm-branding.it\/it\/wp-json\/wp\/v2\/posts\/6343\/revisions\/6376"}],"wp:featuredmedia":[{"embeddable":true,"href":"https:\/\/www.tm-branding.it\/it\/wp-json\/wp\/v2\/media\/6344"}],"wp:attachment":[{"href":"https:\/\/www.tm-branding.it\/it\/wp-json\/wp\/v2\/media?parent=6343"}],"wp:term":[{"taxonomy":"category","embeddable":true,"href":"https:\/\/www.tm-branding.it\/it\/wp-json\/wp\/v2\/categories?post=6343"},{"taxonomy":"post_tag","embeddable":true,"href":"https:\/\/www.tm-branding.it\/it\/wp-json\/wp\/v2\/tags?post=6343"}],"curies":[{"name":"wp","href":"https:\/\/api.w.org\/{rel}","templated":true}]}}