{"id":6347,"date":"2021-04-18T20:58:08","date_gmt":"2021-04-18T18:58:08","guid":{"rendered":"https:\/\/www.tm-branding.it\/von-mobile-first-zu-mobile-only-webdesign-fuer-mobile-endgeraete\/"},"modified":"2026-02-20T13:12:55","modified_gmt":"2026-02-20T12:12:55","slug":"von-mobile-first-zu-mobile-only-webdesign-fuer-mobile-endgeraete","status":"publish","type":"post","link":"https:\/\/www.tm-branding.it\/it\/von-mobile-first-zu-mobile-only-webdesign-fuer-mobile-endgeraete\/","title":{"rendered":"Von Mobile first zu Mobile only &#8211; Webdesign f\u00fcr mobile Endger\u00e4te"},"content":{"rendered":"\n<h1 class=\"wp-block-heading\"><strong>&#8220;Mobile first&#8221;? War gestern! <\/strong><strong>Seit M\u00e4rz 2021 gilt \u201emobile only\u201c.<\/strong><\/h1>\n\n\n\n<h3 class=\"wp-block-heading\"><strong>Die Suchmaschine <\/strong><strong>Google indexiert <\/strong><strong>seit<\/strong><strong> M\u00e4rz 2021 <\/strong><strong>weniger oder keinen<\/strong> <strong>Content mehr<\/strong><strong>, der f\u00fcr Desktop optimiert wurde. Es gilt also das Motto \u201emobile only\u201c!<\/strong><\/h3>\n\n\n\n<p>Seit einigen Jahren werden mehr Suchanfragen auf Smartphones als auf Desktop-PCs eingegeben. Allerdings werden in der mobilen Version von Websites aufgrund langsamerer Ladezeiten oft nicht die gleichen Inhalte angezeigt wie in der Desktop-Version. Die Folge: Wer die Google-Suche auf mobilen Ger\u00e4ten nutzt, bekommt h\u00e4ufig Suchergebnisse angezeigt, die in der mobilen Version nicht einmal die gew\u00fcnschten Informationen enthalten.<\/p>\n\n\n\n<p><strong>Was muss ich tun?<\/strong><\/p>\n\n\n\n<p>Achten Sie bei der Erstellung Ihrer neuen Website oder Landingpage bitte darauf, dass vor allem die mobile Optimierung im Vordergrund steht. Warum? Weil diese seit M\u00e4rz 2021 von Google\u2019s Algorithmus als relevanter eingestuft wird als die Desktop Variante. Sie sollten Ihre Webpr\u00e4senz nicht nur h\u00fcbsch gestalten (lassen), sondern vor allem auch f\u00fcr Google sichtbar machen \u2013 ansonsten wird Ihr Ranking niemals so gut sein, wie es sein k\u00f6nnte, wenn Sie alles beachten.<\/p>\n\n\n\n<h3 class=\"wp-block-heading\"><strong>Was, Ihre Website ist nur f\u00fcr Desktop und nicht mobil optimiert?<\/strong><\/h3>\n\n\n\n<p>Rein f\u00fcr den Desktop optimierte Websites werden sehr stark abgestraft und ranken gar nicht mehr oder deutlich schlechter. Sollte dies bei Ihrer Seite der Fall sein besteht dringender Handlungsbedarf, sofern Sie nicht m\u00f6chten, dass Ihr Ranking bei Google deutlich abst\u00fcrzt.<\/p>\n\n\n\n<h3 class=\"wp-block-heading\"><strong>Woher wei\u00df Google welche Variante (mobil oder Desktop) ich besser optimiert habe?<\/strong><\/h3>\n\n\n\n<p>Der Bot von Google kommt regelm\u00e4\u00dfig auf allen Websites vorbei \u2013 das Netz wird sozusagen \u201egecrawled\u201c und bei der Gelegenheit wird gepr\u00fcft ob Ihre Websites modernen Standards entspricht oder nicht. Sollten Sie nur f\u00fcr Desktop optimiert haben und die mobile Variante gar nicht ber\u00fccksichtigt oder nur stiefm\u00fctterlich behandeln, bemerkt das Google und l\u00e4sst dies in das Scoring f\u00fcr Ihr Ranking einflie\u00dfen.<\/p>\n\n\n\n<h3 class=\"wp-block-heading\"><strong>Bei Google auf Seite 1 \u2013 daf\u00fcr ist \u201emobile first\u201c seit M\u00e4rz 2021 relevant<\/strong><\/h3>\n\n\n\n<p>Es ist seit Langem klar: Wer bei Google vorne mitspielt, das hei\u00dft auf Seite 1, hat deutlich mehr Besucher:innen und demnach langfristig deutlich mehr Kund:innen als sein Mitbewerb. Deshalb ist es nat\u00fcrlich so, dass solche Umstellungen von Google (immer mal wieder \u00e4ndert Google seine Strategie) f\u00fcr Ihr Ranking essentiell wichtig und dementsprechend zu beachten sind.<\/p>\n\n\n\n<h3 class=\"wp-block-heading\">Rankingverluste vermeiden<\/h3>\n\n\n\n<h3 class=\"wp-block-heading\">Gewusst wie!<\/h3>\n\n\n\n<h3 class=\"wp-block-heading\"><strong>Sie brauchen Hilfe bei der Umstellung auf \u201emobile only\u201c f\u00fcr Ihr Google Ranking?<\/strong><\/h3>\n\n\n\n<p>Gerne helfen wir Ihnen dabei Ihre Seite vor allem f\u00fcr die mobile Nutzung zu optimieren, damit Sie die Vorteile von \u201emobile only\u201c direkt f\u00fcr sich und Ihr Unternehmen nutzen k\u00f6nnen. Nur wer sich anpasst kann auf neue Gegebenheiten reagieren.<\/p>\n\n\n\n<p>Keine Sorge, es ist nie zu sp\u00e4t von \u201emobile first\u201c auf \u201emobile only\u201c umzustellen. Jede Website oder Landingpage l\u00e4sst sich \u2013 mit mal mehr oder mal weniger Aufwand \u2013 auf die neuen Vorgaben von Google anpassen und einrichten. Je eher Sie reagieren und je schneller Sie Ihre Webpr\u00e4senz mobil optimieren, desto besser wird Ihr Ranking bei Google sein.<\/p>\n\n\n\n<h3 class=\"wp-block-heading\"><strong>Welche Schritte sollten Sie einleiten, was machen wir konkret f\u00fcr Sie? Wir\u2026<\/strong><\/h3>\n\n\n\n<ol class=\"wp-block-list\">\n<li>pr\u00fcfen den Status in der Google Search Console<\/li>\n\n\n\n<li>stellen die \u201eCrawlbarkeit\u201c (crawlability) sicher<\/li>\n\n\n\n<li>sorgen daf\u00fcr, dass desktop und mobile version identische Texte vorweisen<\/li>\n\n\n\n<li>pr\u00fcfen die Struktur beider Versionen<\/li>\n\n\n\n<li>stellen identische metadaten sicher<\/li>\n\n\n\n<li>befolgen die Bettr Ads Standards<\/li>\n\n\n\n<li>pr\u00fcfen die Einbindung Ihrer Bilder, Fotos und Videos<\/li>\n<\/ol>\n\n\n\n<p><strong>Damit stellen wir sicher, dass Ihre Webpr\u00e4senz die Google-Vorgabe von \u201emobile first\u201c zu \u201emobile only\u201c ber\u00fccksichtigt.<\/strong><\/p>\n\n\n\n<p>Wenn auch Sie bei Google keine Rankingverluste erleiden m\u00f6chten ist es Zeit zu handeln. Melden Sie sich gerne <strong>jetzt<\/strong> f\u00fcr Ihr kostenfreies Beratungsgespr\u00e4ch.<\/p>\n","protected":false},"excerpt":{"rendered":"<p>Die Suchmaschine Google indexiert seit M\u00e4rz 2021 weniger oder keinen Content mehr, der f\u00fcr Desktop optimiert wurde. Es gilt also&#8230;<\/p>\n","protected":false},"author":2,"featured_media":0,"comment_status":"closed","ping_status":"open","sticky":false,"template":"","format":"standard","meta":{"_acf_changed":false,"footnotes":""},"categories":[271],"tags":[257,40,39,20],"class_list":["post-6347","post","type-post","status-publish","format-standard","hentry","category-webdesign-de","tag-blog","tag-tipps","tag-webdesign","tag-website"],"acf":[],"yoast_head":"<!-- This site is optimized with the Yoast SEO plugin v27.0 - https:\/\/yoast.com\/product\/yoast-seo-wordpress\/ -->\n<title>SEO Mobile Only S\u00fcdtirol - TM BRANDING<\/title>\n<meta name=\"description\" content=\"SEO Mobile Only S\u00fcdtirol, Bozen. Google indexiert ab jetzt nur noch Mobile Websites! Ihr Partner f\u00fcr perfektes SEO und Webdesign.\" \/>\n<meta name=\"robots\" content=\"index, follow, max-snippet:-1, max-image-preview:large, max-video-preview:-1\" \/>\n<link rel=\"canonical\" href=\"https:\/\/www.tm-branding.it\/it\/von-mobile-first-zu-mobile-only-webdesign-fuer-mobile-endgeraete\/\" \/>\n<meta property=\"og:locale\" content=\"it_IT\" \/>\n<meta property=\"og:type\" content=\"article\" \/>\n<meta property=\"og:title\" content=\"SEO Mobile Only S\u00fcdtirol\" \/>\n<meta property=\"og:description\" content=\"SEO Mobile Only S\u00fcdtirol, Bozen. Google indexiert ab jetzt nur noch Mobile Websites! Ihr Partner f\u00fcr perfektes SEO und Webdesign.\" \/>\n<meta property=\"og:url\" content=\"https:\/\/www.tm-branding.it\/it\/von-mobile-first-zu-mobile-only-webdesign-fuer-mobile-endgeraete\/\" \/>\n<meta property=\"og:site_name\" content=\"TM BRANDING\" \/>\n<meta property=\"article:published_time\" content=\"2021-04-18T18:58:08+00:00\" \/>\n<meta property=\"article:modified_time\" content=\"2026-02-20T12:12:55+00:00\" \/>\n<meta property=\"og:image\" content=\"https:\/\/www.tm-branding.it\/wp-content\/uploads\/2021\/04\/google-mobile-only-scaled.jpg\" \/>\n<meta name=\"author\" content=\"Tobias Mahlknecht\" \/>\n<meta name=\"twitter:card\" content=\"summary_large_image\" \/>\n<meta name=\"twitter:label1\" content=\"Scritto da\" \/>\n\t<meta name=\"twitter:data1\" content=\"Tobias Mahlknecht\" \/>\n\t<meta name=\"twitter:label2\" content=\"Tempo di lettura stimato\" \/>\n\t<meta name=\"twitter:data2\" content=\"3 minuti\" \/>\n<script type=\"application\/ld+json\" class=\"yoast-schema-graph\">{\"@context\":\"https:\/\/schema.org\",\"@graph\":[{\"@type\":\"Article\",\"@id\":\"https:\/\/www.tm-branding.it\/it\/von-mobile-first-zu-mobile-only-webdesign-fuer-mobile-endgeraete\/#article\",\"isPartOf\":{\"@id\":\"https:\/\/www.tm-branding.it\/it\/von-mobile-first-zu-mobile-only-webdesign-fuer-mobile-endgeraete\/\"},\"author\":{\"name\":\"Tobias Mahlknecht\",\"@id\":\"https:\/\/www.tm-branding.it\/it\/#\/schema\/person\/394084dd9cd1d34a70d7b397d2c5021e\"},\"headline\":\"Von Mobile first zu Mobile only &#8211; Webdesign f\u00fcr mobile Endger\u00e4te\",\"datePublished\":\"2021-04-18T18:58:08+00:00\",\"dateModified\":\"2026-02-20T12:12:55+00:00\",\"mainEntityOfPage\":{\"@id\":\"https:\/\/www.tm-branding.it\/it\/von-mobile-first-zu-mobile-only-webdesign-fuer-mobile-endgeraete\/\"},\"wordCount\":620,\"publisher\":{\"@id\":\"https:\/\/www.tm-branding.it\/it\/#organization\"},\"keywords\":[\"Blog\",\"Tipps\",\"Webdesign\",\"Website\"],\"articleSection\":[\"Webdesign\"],\"inLanguage\":\"it-IT\"},{\"@type\":\"WebPage\",\"@id\":\"https:\/\/www.tm-branding.it\/it\/von-mobile-first-zu-mobile-only-webdesign-fuer-mobile-endgeraete\/\",\"url\":\"https:\/\/www.tm-branding.it\/it\/von-mobile-first-zu-mobile-only-webdesign-fuer-mobile-endgeraete\/\",\"name\":\"SEO Mobile Only S\u00fcdtirol - TM BRANDING\",\"isPartOf\":{\"@id\":\"https:\/\/www.tm-branding.it\/it\/#website\"},\"datePublished\":\"2021-04-18T18:58:08+00:00\",\"dateModified\":\"2026-02-20T12:12:55+00:00\",\"description\":\"SEO Mobile Only S\u00fcdtirol, Bozen. Google indexiert ab jetzt nur noch Mobile Websites! Ihr Partner f\u00fcr perfektes SEO und Webdesign.\",\"breadcrumb\":{\"@id\":\"https:\/\/www.tm-branding.it\/it\/von-mobile-first-zu-mobile-only-webdesign-fuer-mobile-endgeraete\/#breadcrumb\"},\"inLanguage\":\"it-IT\",\"potentialAction\":[{\"@type\":\"ReadAction\",\"target\":[\"https:\/\/www.tm-branding.it\/it\/von-mobile-first-zu-mobile-only-webdesign-fuer-mobile-endgeraete\/\"]}]},{\"@type\":\"BreadcrumbList\",\"@id\":\"https:\/\/www.tm-branding.it\/it\/von-mobile-first-zu-mobile-only-webdesign-fuer-mobile-endgeraete\/#breadcrumb\",\"itemListElement\":[{\"@type\":\"ListItem\",\"position\":1,\"name\":\"Startseite\",\"item\":\"https:\/\/www.tm-branding.it\/it\/\"},{\"@type\":\"ListItem\",\"position\":2,\"name\":\"Von Mobile first zu Mobile only &#8211; Webdesign f\u00fcr mobile Endger\u00e4te\"}]},{\"@type\":\"WebSite\",\"@id\":\"https:\/\/www.tm-branding.it\/it\/#website\",\"url\":\"https:\/\/www.tm-branding.it\/it\/\",\"name\":\"TM BRANDING\",\"description\":\"TM BRANDING\",\"publisher\":{\"@id\":\"https:\/\/www.tm-branding.it\/it\/#organization\"},\"potentialAction\":[{\"@type\":\"SearchAction\",\"target\":{\"@type\":\"EntryPoint\",\"urlTemplate\":\"https:\/\/www.tm-branding.it\/it\/?s={search_term_string}\"},\"query-input\":{\"@type\":\"PropertyValueSpecification\",\"valueRequired\":true,\"valueName\":\"search_term_string\"}}],\"inLanguage\":\"it-IT\"},{\"@type\":\"Organization\",\"@id\":\"https:\/\/www.tm-branding.it\/it\/#organization\",\"name\":\"TM BRANDING\",\"url\":\"https:\/\/www.tm-branding.it\/it\/\",\"logo\":{\"@type\":\"ImageObject\",\"inLanguage\":\"it-IT\",\"@id\":\"https:\/\/www.tm-branding.it\/it\/#\/schema\/logo\/image\/\",\"url\":\"https:\/\/www.tm-branding.it\/wp-content\/uploads\/2023\/05\/tmbranding-logo.png\",\"contentUrl\":\"https:\/\/www.tm-branding.it\/wp-content\/uploads\/2023\/05\/tmbranding-logo.png\",\"width\":2001,\"height\":230,\"caption\":\"TM BRANDING\"},\"image\":{\"@id\":\"https:\/\/www.tm-branding.it\/it\/#\/schema\/logo\/image\/\"}},{\"@type\":\"Person\",\"@id\":\"https:\/\/www.tm-branding.it\/it\/#\/schema\/person\/394084dd9cd1d34a70d7b397d2c5021e\",\"name\":\"Tobias Mahlknecht\",\"image\":{\"@type\":\"ImageObject\",\"inLanguage\":\"it-IT\",\"@id\":\"https:\/\/www.tm-branding.it\/it\/#\/schema\/person\/image\/\",\"url\":\"https:\/\/secure.gravatar.com\/avatar\/6f155475ac784c3a8222de560219fb7bd5dd06db467e18d19ef53cbcae8fa05a?s=96&d=mm&r=g\",\"contentUrl\":\"https:\/\/secure.gravatar.com\/avatar\/6f155475ac784c3a8222de560219fb7bd5dd06db467e18d19ef53cbcae8fa05a?s=96&d=mm&r=g\",\"caption\":\"Tobias Mahlknecht\"},\"description\":\"Wer steckt hinter TM BRANDING? Ihr Experte Tobias Mahlknecht (Inhaber &amp; Founder) Vom sch\u00f6nen Bozen in S\u00fcdtirol ging es f\u00fcr Tobias Mahlknecht (1984 geboren) viele Jahre als Redakteur und Redaktionsleiter nach M\u00fcnchen. Er wirbelte das TV-Business auf mit Shows wie \u201eDie Comedy Falle\u201c (SAT1), \u201eGottschalks Klassentreffen\u201c (RTL) und \u201eDie Goldene Kamera\u201c (ZDF). Im Jahr 2014 macht er sich selbstst\u00e4ndig, startet die ersten Film- und Webprojekte als Freelancer. Von 2016 bis 2019 ist er zusammen mit einem Gesch\u00e4ftspartner Inhaber und Gesch\u00e4ftsf\u00fchrer der EXPLANIDEO GmbH \u2013 und produziert hochwertige Erkl\u00e4rfilme f\u00fcr internationale Kunden in Deutschland, Schweiz, Italien und \u00d6sterreich. Vom Start-Up \u00fcber KMUs und NGOs bis hin zu gro\u00dfen Konzernen betreut er nachhaltig auch heute noch viele (Stamm-) Kunden. Seit Herbst 2019 widmet er sich mit einem sehr starken Team (mindestens 10 Jahre Erfahrung im jeweiligen Bereich) leidenschaftlich dem Personal &amp; Corporate Branding. Wir lassen unsere Referenzen sprechen \u2013 lassen Sie sich inspirieren!\",\"sameAs\":[\"https:\/\/www.tm-branding.it\"],\"url\":\"https:\/\/www.tm-branding.it\/it\/author\/tm-admin\/\"}]}<\/script>\n<!-- \/ Yoast SEO plugin. -->","yoast_head_json":{"title":"SEO Mobile Only S\u00fcdtirol - TM BRANDING","description":"SEO Mobile Only S\u00fcdtirol, Bozen. Google indexiert ab jetzt nur noch Mobile Websites! Ihr Partner f\u00fcr perfektes SEO und Webdesign.","robots":{"index":"index","follow":"follow","max-snippet":"max-snippet:-1","max-image-preview":"max-image-preview:large","max-video-preview":"max-video-preview:-1"},"canonical":"https:\/\/www.tm-branding.it\/it\/von-mobile-first-zu-mobile-only-webdesign-fuer-mobile-endgeraete\/","og_locale":"it_IT","og_type":"article","og_title":"SEO Mobile Only S\u00fcdtirol","og_description":"SEO Mobile Only S\u00fcdtirol, Bozen. Google indexiert ab jetzt nur noch Mobile Websites! Ihr Partner f\u00fcr perfektes SEO und Webdesign.","og_url":"https:\/\/www.tm-branding.it\/it\/von-mobile-first-zu-mobile-only-webdesign-fuer-mobile-endgeraete\/","og_site_name":"TM BRANDING","article_published_time":"2021-04-18T18:58:08+00:00","article_modified_time":"2026-02-20T12:12:55+00:00","og_image":[{"url":"https:\/\/www.tm-branding.it\/wp-content\/uploads\/2021\/04\/google-mobile-only-scaled.jpg","type":"","width":"","height":""}],"author":"Tobias Mahlknecht","twitter_card":"summary_large_image","twitter_misc":{"Scritto da":"Tobias Mahlknecht","Tempo di lettura stimato":"3 minuti"},"schema":{"@context":"https:\/\/schema.org","@graph":[{"@type":"Article","@id":"https:\/\/www.tm-branding.it\/it\/von-mobile-first-zu-mobile-only-webdesign-fuer-mobile-endgeraete\/#article","isPartOf":{"@id":"https:\/\/www.tm-branding.it\/it\/von-mobile-first-zu-mobile-only-webdesign-fuer-mobile-endgeraete\/"},"author":{"name":"Tobias Mahlknecht","@id":"https:\/\/www.tm-branding.it\/it\/#\/schema\/person\/394084dd9cd1d34a70d7b397d2c5021e"},"headline":"Von Mobile first zu Mobile only &#8211; Webdesign f\u00fcr mobile Endger\u00e4te","datePublished":"2021-04-18T18:58:08+00:00","dateModified":"2026-02-20T12:12:55+00:00","mainEntityOfPage":{"@id":"https:\/\/www.tm-branding.it\/it\/von-mobile-first-zu-mobile-only-webdesign-fuer-mobile-endgeraete\/"},"wordCount":620,"publisher":{"@id":"https:\/\/www.tm-branding.it\/it\/#organization"},"keywords":["Blog","Tipps","Webdesign","Website"],"articleSection":["Webdesign"],"inLanguage":"it-IT"},{"@type":"WebPage","@id":"https:\/\/www.tm-branding.it\/it\/von-mobile-first-zu-mobile-only-webdesign-fuer-mobile-endgeraete\/","url":"https:\/\/www.tm-branding.it\/it\/von-mobile-first-zu-mobile-only-webdesign-fuer-mobile-endgeraete\/","name":"SEO Mobile Only S\u00fcdtirol - TM BRANDING","isPartOf":{"@id":"https:\/\/www.tm-branding.it\/it\/#website"},"datePublished":"2021-04-18T18:58:08+00:00","dateModified":"2026-02-20T12:12:55+00:00","description":"SEO Mobile Only S\u00fcdtirol, Bozen. Google indexiert ab jetzt nur noch Mobile Websites! Ihr Partner f\u00fcr perfektes SEO und Webdesign.","breadcrumb":{"@id":"https:\/\/www.tm-branding.it\/it\/von-mobile-first-zu-mobile-only-webdesign-fuer-mobile-endgeraete\/#breadcrumb"},"inLanguage":"it-IT","potentialAction":[{"@type":"ReadAction","target":["https:\/\/www.tm-branding.it\/it\/von-mobile-first-zu-mobile-only-webdesign-fuer-mobile-endgeraete\/"]}]},{"@type":"BreadcrumbList","@id":"https:\/\/www.tm-branding.it\/it\/von-mobile-first-zu-mobile-only-webdesign-fuer-mobile-endgeraete\/#breadcrumb","itemListElement":[{"@type":"ListItem","position":1,"name":"Startseite","item":"https:\/\/www.tm-branding.it\/it\/"},{"@type":"ListItem","position":2,"name":"Von Mobile first zu Mobile only &#8211; Webdesign f\u00fcr mobile Endger\u00e4te"}]},{"@type":"WebSite","@id":"https:\/\/www.tm-branding.it\/it\/#website","url":"https:\/\/www.tm-branding.it\/it\/","name":"TM BRANDING","description":"TM BRANDING","publisher":{"@id":"https:\/\/www.tm-branding.it\/it\/#organization"},"potentialAction":[{"@type":"SearchAction","target":{"@type":"EntryPoint","urlTemplate":"https:\/\/www.tm-branding.it\/it\/?s={search_term_string}"},"query-input":{"@type":"PropertyValueSpecification","valueRequired":true,"valueName":"search_term_string"}}],"inLanguage":"it-IT"},{"@type":"Organization","@id":"https:\/\/www.tm-branding.it\/it\/#organization","name":"TM BRANDING","url":"https:\/\/www.tm-branding.it\/it\/","logo":{"@type":"ImageObject","inLanguage":"it-IT","@id":"https:\/\/www.tm-branding.it\/it\/#\/schema\/logo\/image\/","url":"https:\/\/www.tm-branding.it\/wp-content\/uploads\/2023\/05\/tmbranding-logo.png","contentUrl":"https:\/\/www.tm-branding.it\/wp-content\/uploads\/2023\/05\/tmbranding-logo.png","width":2001,"height":230,"caption":"TM BRANDING"},"image":{"@id":"https:\/\/www.tm-branding.it\/it\/#\/schema\/logo\/image\/"}},{"@type":"Person","@id":"https:\/\/www.tm-branding.it\/it\/#\/schema\/person\/394084dd9cd1d34a70d7b397d2c5021e","name":"Tobias Mahlknecht","image":{"@type":"ImageObject","inLanguage":"it-IT","@id":"https:\/\/www.tm-branding.it\/it\/#\/schema\/person\/image\/","url":"https:\/\/secure.gravatar.com\/avatar\/6f155475ac784c3a8222de560219fb7bd5dd06db467e18d19ef53cbcae8fa05a?s=96&d=mm&r=g","contentUrl":"https:\/\/secure.gravatar.com\/avatar\/6f155475ac784c3a8222de560219fb7bd5dd06db467e18d19ef53cbcae8fa05a?s=96&d=mm&r=g","caption":"Tobias Mahlknecht"},"description":"Wer steckt hinter TM BRANDING? Ihr Experte Tobias Mahlknecht (Inhaber &amp; Founder) Vom sch\u00f6nen Bozen in S\u00fcdtirol ging es f\u00fcr Tobias Mahlknecht (1984 geboren) viele Jahre als Redakteur und Redaktionsleiter nach M\u00fcnchen. Er wirbelte das TV-Business auf mit Shows wie \u201eDie Comedy Falle\u201c (SAT1), \u201eGottschalks Klassentreffen\u201c (RTL) und \u201eDie Goldene Kamera\u201c (ZDF). Im Jahr 2014 macht er sich selbstst\u00e4ndig, startet die ersten Film- und Webprojekte als Freelancer. Von 2016 bis 2019 ist er zusammen mit einem Gesch\u00e4ftspartner Inhaber und Gesch\u00e4ftsf\u00fchrer der EXPLANIDEO GmbH \u2013 und produziert hochwertige Erkl\u00e4rfilme f\u00fcr internationale Kunden in Deutschland, Schweiz, Italien und \u00d6sterreich. Vom Start-Up \u00fcber KMUs und NGOs bis hin zu gro\u00dfen Konzernen betreut er nachhaltig auch heute noch viele (Stamm-) Kunden. Seit Herbst 2019 widmet er sich mit einem sehr starken Team (mindestens 10 Jahre Erfahrung im jeweiligen Bereich) leidenschaftlich dem Personal &amp; Corporate Branding. Wir lassen unsere Referenzen sprechen \u2013 lassen Sie sich inspirieren!","sameAs":["https:\/\/www.tm-branding.it"],"url":"https:\/\/www.tm-branding.it\/it\/author\/tm-admin\/"}]}},"_links":{"self":[{"href":"https:\/\/www.tm-branding.it\/it\/wp-json\/wp\/v2\/posts\/6347","targetHints":{"allow":["GET"]}}],"collection":[{"href":"https:\/\/www.tm-branding.it\/it\/wp-json\/wp\/v2\/posts"}],"about":[{"href":"https:\/\/www.tm-branding.it\/it\/wp-json\/wp\/v2\/types\/post"}],"author":[{"embeddable":true,"href":"https:\/\/www.tm-branding.it\/it\/wp-json\/wp\/v2\/users\/2"}],"replies":[{"embeddable":true,"href":"https:\/\/www.tm-branding.it\/it\/wp-json\/wp\/v2\/comments?post=6347"}],"version-history":[{"count":1,"href":"https:\/\/www.tm-branding.it\/it\/wp-json\/wp\/v2\/posts\/6347\/revisions"}],"predecessor-version":[{"id":6378,"href":"https:\/\/www.tm-branding.it\/it\/wp-json\/wp\/v2\/posts\/6347\/revisions\/6378"}],"wp:attachment":[{"href":"https:\/\/www.tm-branding.it\/it\/wp-json\/wp\/v2\/media?parent=6347"}],"wp:term":[{"taxonomy":"category","embeddable":true,"href":"https:\/\/www.tm-branding.it\/it\/wp-json\/wp\/v2\/categories?post=6347"},{"taxonomy":"post_tag","embeddable":true,"href":"https:\/\/www.tm-branding.it\/it\/wp-json\/wp\/v2\/tags?post=6347"}],"curies":[{"name":"wp","href":"https:\/\/api.w.org\/{rel}","templated":true}]}}